{"id":901679,"date":"2026-08-29T11:06:11","date_gmt":"2026-08-29T09:06:11","guid":{"rendered":"https:\/\/grundlinien.de\/?p=901679"},"modified":"2026-08-29T11:06:11","modified_gmt":"2026-08-29T09:06:11","slug":"170","status":"publish","type":"post","link":"https:\/\/grundlinien.de\/es\/170\/","title":{"rendered":"\u00a7 170"},"content":{"rendered":"\n<p class=\"wp-block-paragraph\"><strong>B. El patrimonio de la familia<\/strong><\/p>\n\n\n\n<p class=\"wp-block-paragraph\">La familia no solo tiene propiedad, sino que, para ella, en cuanto persona <em>universal<\/em> y <em>perdurable<\/em>, entra la necesidad y la determinaci\u00f3n de una posesi\u00f3n <em>permanente<\/em> y <em>segura<\/em>, de un <em>patrimonio<\/em>. El momento arbitrario, en la propiedad abstracta, de la necesidad particular del <em>mero singular<\/em>, y el ego\u00edsmo del deseo, se transforma aqu\u00ed en el cuidado y la adquisici\u00f3n para algo <em>com\u00fan<\/em>, en algo <em>\u00e9tico<\/em>.<\/p>\n\n\n\n<blockquote class=\"wp-block-quote is-layout-flow wp-block-quote-is-layout-flow\">\n<p class=\"wp-block-paragraph\">La introducci\u00f3n de la propiedad fija aparece, en las leyendas sobre las fundaciones de los Estados, o al menos de una vida social civilizada, en conexi\u00f3n con la introducci\u00f3n del matrimonio. En qu\u00e9 consista, por lo dem\u00e1s, aquel patrimonio, y cu\u00e1l sea el modo verdadero de su afianzamiento, se determina en la esfera de la sociedad civil.<\/p>\n<\/blockquote>\n","protected":false},"excerpt":{"rendered":"<p>B. El patrimonio de la familia La familia no solo tiene propiedad, sino que, para ella, en cuanto persona universal y perdurable, entra la necesidad y la determinaci\u00f3n de una posesi\u00f3n permanente y segura, de un patrimonio. El momento arbitrario, en la propiedad abstracta, de la necesidad particular del mero singular, y el ego\u00edsmo del [&hellip;]<\/p>\n","protected":false},"author":1,"featured_media":0,"comment_status":"open","ping_status":"","sticky":false,"template":"","format":"standard","meta":{"footnotes":""},"categories":[],"tags":[50],"class_list":["post-901679","post","type-post","status-publish","format-standard","hentry","tag-concepto"],"_links":{"self":[{"href":"https:\/\/grundlinien.de\/es\/wp-json\/wp\/v2\/posts\/901679","targetHints":{"allow":["GET"]}}],"collection":[{"href":"https:\/\/grundlinien.de\/es\/wp-json\/wp\/v2\/posts"}],"about":[{"href":"https:\/\/grundlinien.de\/es\/wp-json\/wp\/v2\/types\/post"}],"author":[{"embeddable":true,"href":"https:\/\/grundlinien.de\/es\/wp-json\/wp\/v2\/users\/1"}],"replies":[{"embeddable":true,"href":"https:\/\/grundlinien.de\/es\/wp-json\/wp\/v2\/comments?post=901679"}],"version-history":[{"count":1,"href":"https:\/\/grundlinien.de\/es\/wp-json\/wp\/v2\/posts\/901679\/revisions"}],"predecessor-version":[{"id":901680,"href":"https:\/\/grundlinien.de\/es\/wp-json\/wp\/v2\/posts\/901679\/revisions\/901680"}],"wp:attachment":[{"href":"https:\/\/grundlinien.de\/es\/wp-json\/wp\/v2\/media?parent=901679"}],"wp:term":[{"taxonomy":"category","embeddable":true,"href":"https:\/\/grundlinien.de\/es\/wp-json\/wp\/v2\/categories?post=901679"},{"taxonomy":"post_tag","embeddable":true,"href":"https:\/\/grundlinien.de\/es\/wp-json\/wp\/v2\/tags?post=901679"}],"curies":[{"name":"wp","href":"https:\/\/api.w.org\/{rel}","templated":true}]}}