{"id":901695,"date":"2026-08-29T11:36:31","date_gmt":"2026-08-29T09:36:31","guid":{"rendered":"https:\/\/grundlinien.de\/?p=901695"},"modified":"2026-08-29T11:36:31","modified_gmt":"2026-08-29T09:36:31","slug":"178","status":"publish","type":"post","link":"https:\/\/grundlinien.de\/es\/178\/","title":{"rendered":"\u00a7 178"},"content":{"rendered":"\n<p class=\"wp-block-paragraph\">La disoluci\u00f3n natural de la familia por la muerte de los padres, en particular del hombre, tiene por consecuencia la <em>herencia<\/em> en lo concerniente al patrimonio; seg\u00fan su esencia, un ingreso en la posesi\u00f3n propia del patrimonio <em>en s\u00ed<\/em> com\u00fan \u2014 un ingreso que se vuelve tanto m\u00e1s indeterminado cuanto m\u00e1s lejanos sean los grados de parentesco, y en el estado de dispersi\u00f3n de la sociedad civil, que independiza a las personas y las familias, en la medida en que la disposici\u00f3n de \u00e1nimo de la unidad se pierde tanto m\u00e1s, y en que cada matrimonio se convierte en el abandono de las relaciones familiares anteriores y en la fundaci\u00f3n de una nueva familia independiente.<\/p>\n\n\n\n<blockquote class=\"wp-block-quote is-layout-flow wp-block-quote-is-layout-flow\">\n<p class=\"wp-block-paragraph\">La ocurrencia de considerar como fundamento de la herencia la circunstancia de que, por la muerte, el patrimonio se convierta en <em>bien sin due\u00f1o<\/em>, y que como tal corresponda a quien primero se ponga en posesi\u00f3n de \u00e9l \u2014cuya toma de posesi\u00f3n, sin embargo, ser\u00e1 realizada <em>la mayor\u00eda de las veces<\/em> por los parientes, en cuanto entorno <em>habitualmente<\/em> m\u00e1s pr\u00f3ximo\u2014, casualidad habitual que luego, por las leyes positivas, ser\u00eda elevada a regla por razones de orden \u2014 esta ocurrencia deja de lado la naturaleza de la relaci\u00f3n familiar.<\/p>\n<\/blockquote>\n","protected":false},"excerpt":{"rendered":"<p>La disoluci\u00f3n natural de la familia por la muerte de los padres, en particular del hombre, tiene por consecuencia la herencia en lo concerniente al patrimonio; seg\u00fan su esencia, un ingreso en la posesi\u00f3n propia del patrimonio en s\u00ed com\u00fan \u2014 un ingreso que se vuelve tanto m\u00e1s indeterminado cuanto m\u00e1s lejanos sean los grados [&hellip;]<\/p>\n","protected":false},"author":1,"featured_media":0,"comment_status":"open","ping_status":"","sticky":false,"template":"","format":"standard","meta":{"footnotes":""},"categories":[],"tags":[51],"class_list":["post-901695","post","type-post","status-publish","format-standard","hentry","tag-realizacion"],"_links":{"self":[{"href":"https:\/\/grundlinien.de\/es\/wp-json\/wp\/v2\/posts\/901695","targetHints":{"allow":["GET"]}}],"collection":[{"href":"https:\/\/grundlinien.de\/es\/wp-json\/wp\/v2\/posts"}],"about":[{"href":"https:\/\/grundlinien.de\/es\/wp-json\/wp\/v2\/types\/post"}],"author":[{"embeddable":true,"href":"https:\/\/grundlinien.de\/es\/wp-json\/wp\/v2\/users\/1"}],"replies":[{"embeddable":true,"href":"https:\/\/grundlinien.de\/es\/wp-json\/wp\/v2\/comments?post=901695"}],"version-history":[{"count":1,"href":"https:\/\/grundlinien.de\/es\/wp-json\/wp\/v2\/posts\/901695\/revisions"}],"predecessor-version":[{"id":901696,"href":"https:\/\/grundlinien.de\/es\/wp-json\/wp\/v2\/posts\/901695\/revisions\/901696"}],"wp:attachment":[{"href":"https:\/\/grundlinien.de\/es\/wp-json\/wp\/v2\/media?parent=901695"}],"wp:term":[{"taxonomy":"category","embeddable":true,"href":"https:\/\/grundlinien.de\/es\/wp-json\/wp\/v2\/categories?post=901695"},{"taxonomy":"post_tag","embeddable":true,"href":"https:\/\/grundlinien.de\/es\/wp-json\/wp\/v2\/tags?post=901695"}],"curies":[{"name":"wp","href":"https:\/\/api.w.org\/{rel}","templated":true}]}}