{"id":901697,"date":"2026-08-29T11:37:40","date_gmt":"2026-08-29T09:37:40","guid":{"rendered":"https:\/\/grundlinien.de\/?p=901697"},"modified":"2026-08-29T11:37:40","modified_gmt":"2026-08-29T09:37:40","slug":"179","status":"publish","type":"post","link":"https:\/\/grundlinien.de\/es\/179\/","title":{"rendered":"\u00a7 179"},"content":{"rendered":"\n<p class=\"wp-block-paragraph\">Surge, por esta disgregaci\u00f3n, la libertad para el arbitrio de los individuos, en parte de emplear su patrimonio, en general, m\u00e1s seg\u00fan el capricho, las opiniones y los fines de la singularidad, en parte de considerar, en cierto modo, un c\u00edrculo de amigos, conocidos, etc., en lugar de una familia, y de hacer esta declaraci\u00f3n, con las consecuencias jur\u00eddicas de la herencia, en un <em>testamento<\/em>.<\/p>\n\n\n\n<blockquote class=\"wp-block-quote is-layout-flow wp-block-quote-is-layout-flow\">\n<p class=\"wp-block-paragraph\">En la formaci\u00f3n de tal c\u00edrculo, en el cual residir\u00eda la legitimidad \u00e9tica de la voluntad para tal disposici\u00f3n sobre el patrimonio, entra, especialmente en la medida en que ya lleva consigo la referencia al testar, tanta contingencia, arbitrio, intencionalidad para fines ego\u00edstas, etc., que el momento \u00e9tico es algo muy vago, y el reconocimiento de la facultad del arbitrio de testar se convierte mucho m\u00e1s f\u00e1cilmente en ocasi\u00f3n de lesi\u00f3n de relaciones \u00e9ticas y de esfuerzos ruines y dependencias semejantes, as\u00ed como tambi\u00e9n da ocasi\u00f3n y legitimidad al arbitrio necio y a la perfidia de vincular a los llamados beneficios y regalos, que se otorgan para el caso de la muerte \u2014en el cual mi propiedad, de todos modos, deja de ser m\u00eda\u2014, condiciones de vanidad y de un atormentar desp\u00f3tico.<\/p>\n<\/blockquote>\n","protected":false},"excerpt":{"rendered":"<p>Surge, por esta disgregaci\u00f3n, la libertad para el arbitrio de los individuos, en parte de emplear su patrimonio, en general, m\u00e1s seg\u00fan el capricho, las opiniones y los fines de la singularidad, en parte de considerar, en cierto modo, un c\u00edrculo de amigos, conocidos, etc., en lugar de una familia, y de hacer esta declaraci\u00f3n, [&hellip;]<\/p>\n","protected":false},"author":1,"featured_media":0,"comment_status":"open","ping_status":"","sticky":false,"template":"","format":"standard","meta":{"footnotes":""},"categories":[],"tags":[51],"class_list":["post-901697","post","type-post","status-publish","format-standard","hentry","tag-realizacion"],"_links":{"self":[{"href":"https:\/\/grundlinien.de\/es\/wp-json\/wp\/v2\/posts\/901697","targetHints":{"allow":["GET"]}}],"collection":[{"href":"https:\/\/grundlinien.de\/es\/wp-json\/wp\/v2\/posts"}],"about":[{"href":"https:\/\/grundlinien.de\/es\/wp-json\/wp\/v2\/types\/post"}],"author":[{"embeddable":true,"href":"https:\/\/grundlinien.de\/es\/wp-json\/wp\/v2\/users\/1"}],"replies":[{"embeddable":true,"href":"https:\/\/grundlinien.de\/es\/wp-json\/wp\/v2\/comments?post=901697"}],"version-history":[{"count":1,"href":"https:\/\/grundlinien.de\/es\/wp-json\/wp\/v2\/posts\/901697\/revisions"}],"predecessor-version":[{"id":901698,"href":"https:\/\/grundlinien.de\/es\/wp-json\/wp\/v2\/posts\/901697\/revisions\/901698"}],"wp:attachment":[{"href":"https:\/\/grundlinien.de\/es\/wp-json\/wp\/v2\/media?parent=901697"}],"wp:term":[{"taxonomy":"category","embeddable":true,"href":"https:\/\/grundlinien.de\/es\/wp-json\/wp\/v2\/categories?post=901697"},{"taxonomy":"post_tag","embeddable":true,"href":"https:\/\/grundlinien.de\/es\/wp-json\/wp\/v2\/tags?post=901697"}],"curies":[{"name":"wp","href":"https:\/\/api.w.org\/{rel}","templated":true}]}}