{"id":901705,"date":"2026-08-29T11:42:56","date_gmt":"2026-08-29T09:42:56","guid":{"rendered":"https:\/\/grundlinien.de\/?p=901705"},"modified":"2026-08-29T11:42:56","modified_gmt":"2026-08-29T09:42:56","slug":"183","status":"publish","type":"post","link":"https:\/\/grundlinien.de\/es\/183\/","title":{"rendered":"\u00a7 183"},"content":{"rendered":"\n<p class=\"wp-block-paragraph\">El fin ego\u00edsta, en su realizaci\u00f3n, as\u00ed condicionado por la universalidad, funda un sistema de dependencia universal, tal que la subsistencia y el bienestar del singular, y su existencia jur\u00eddica, est\u00e1n entrelazados con la subsistencia, el bienestar y el derecho de todos, fundados en ellos, y solo son efectivos y est\u00e1n asegurados en esta conexi\u00f3n. \u2014 Se puede considerar este sistema, en un primer momento, como el <em>Estado exterior<\/em> \u2014 el <em>Estado de necesidad<\/em> y del <em>entendimiento<\/em>.<\/p>\n","protected":false},"excerpt":{"rendered":"<p>El fin ego\u00edsta, en su realizaci\u00f3n, as\u00ed condicionado por la universalidad, funda un sistema de dependencia universal, tal que la subsistencia y el bienestar del singular, y su existencia jur\u00eddica, est\u00e1n entrelazados con la subsistencia, el bienestar y el derecho de todos, fundados en ellos, y solo son efectivos y est\u00e1n asegurados en esta conexi\u00f3n. [&hellip;]<\/p>\n","protected":false},"author":1,"featured_media":0,"comment_status":"open","ping_status":"","sticky":false,"template":"","format":"standard","meta":{"footnotes":""},"categories":[],"tags":[50],"class_list":["post-901705","post","type-post","status-publish","format-standard","hentry","tag-concepto"],"_links":{"self":[{"href":"https:\/\/grundlinien.de\/es\/wp-json\/wp\/v2\/posts\/901705","targetHints":{"allow":["GET"]}}],"collection":[{"href":"https:\/\/grundlinien.de\/es\/wp-json\/wp\/v2\/posts"}],"about":[{"href":"https:\/\/grundlinien.de\/es\/wp-json\/wp\/v2\/types\/post"}],"author":[{"embeddable":true,"href":"https:\/\/grundlinien.de\/es\/wp-json\/wp\/v2\/users\/1"}],"replies":[{"embeddable":true,"href":"https:\/\/grundlinien.de\/es\/wp-json\/wp\/v2\/comments?post=901705"}],"version-history":[{"count":1,"href":"https:\/\/grundlinien.de\/es\/wp-json\/wp\/v2\/posts\/901705\/revisions"}],"predecessor-version":[{"id":901706,"href":"https:\/\/grundlinien.de\/es\/wp-json\/wp\/v2\/posts\/901705\/revisions\/901706"}],"wp:attachment":[{"href":"https:\/\/grundlinien.de\/es\/wp-json\/wp\/v2\/media?parent=901705"}],"wp:term":[{"taxonomy":"category","embeddable":true,"href":"https:\/\/grundlinien.de\/es\/wp-json\/wp\/v2\/categories?post=901705"},{"taxonomy":"post_tag","embeddable":true,"href":"https:\/\/grundlinien.de\/es\/wp-json\/wp\/v2\/tags?post=901705"}],"curies":[{"name":"wp","href":"https:\/\/api.w.org\/{rel}","templated":true}]}}