{"id":901717,"date":"2026-08-29T11:50:53","date_gmt":"2026-08-29T09:50:53","guid":{"rendered":"https:\/\/grundlinien.de\/?p=901717"},"modified":"2026-08-29T20:00:28","modified_gmt":"2026-08-29T18:00:28","slug":"190","status":"publish","type":"post","link":"https:\/\/grundlinien.de\/es\/190\/","title":{"rendered":"\u00a7 190"},"content":{"rendered":"\n<p class=\"wp-block-paragraph\"><strong>a. La \u00edndole de la necesidad y de la satisfacci\u00f3n<\/strong><\/p>\n\n\n\n<p class=\"wp-block-paragraph\">El <em>animal<\/em> tiene un c\u00edrculo limitado de medios y modos de satisfacer sus necesidades, igualmente limitadas. El <em>ser humano<\/em> muestra, incluso en esta dependencia, a la vez su ir m\u00e1s all\u00e1 de ella y su universalidad, en un primer momento por medio de la <em>multiplicaci\u00f3n<\/em> de las necesidades y los medios, y luego por medio de la <em>descomposici\u00f3n<\/em> y <em>distinci\u00f3n<\/em> de la necesidad concreta en partes y lados singulares, que se convierten en diversas necesidades <em>particularizadas<\/em> y, con ello, <em>m\u00e1s abstractas<\/em>.<\/p>\n\n\n\n<blockquote class=\"wp-block-quote is-layout-flow wp-block-quote-is-layout-flow\">\n<p class=\"wp-block-paragraph\">En el derecho, el objeto es la <em>persona<\/em>; en el punto de vista moral, el <em>sujeto<\/em>; en la familia, el <em>miembro de familia<\/em>; en la sociedad civil en general, el <em>ciudadano<\/em> (como <em>bourgeois<\/em>) \u2014 aqu\u00ed, en el punto de vista de las necesidades (cf. <a href=\"https:\/\/grundlinien.de\/es\/123\/\">\u00a7 123<\/a>, Observaci\u00f3n), es lo concreto de la <em>representaci\u00f3n<\/em> al que se llama <em>ser humano<\/em>; solo aqu\u00ed, pues, y tambi\u00e9n propiamente solo aqu\u00ed, se trata del <em>ser humano<\/em> en este sentido.<\/p>\n<\/blockquote>\n","protected":false},"excerpt":{"rendered":"<p>a. La \u00edndole de la necesidad y de la satisfacci\u00f3n El animal tiene un c\u00edrculo limitado de medios y modos de satisfacer sus necesidades, igualmente limitadas. El ser humano muestra, incluso en esta dependencia, a la vez su ir m\u00e1s all\u00e1 de ella y su universalidad, en un primer momento por medio de la multiplicaci\u00f3n [&hellip;]<\/p>\n","protected":false},"author":1,"featured_media":0,"comment_status":"open","ping_status":"","sticky":false,"template":"","format":"standard","meta":{"footnotes":""},"categories":[],"tags":[50],"class_list":["post-901717","post","type-post","status-publish","format-standard","hentry","tag-concepto"],"_links":{"self":[{"href":"https:\/\/grundlinien.de\/es\/wp-json\/wp\/v2\/posts\/901717","targetHints":{"allow":["GET"]}}],"collection":[{"href":"https:\/\/grundlinien.de\/es\/wp-json\/wp\/v2\/posts"}],"about":[{"href":"https:\/\/grundlinien.de\/es\/wp-json\/wp\/v2\/types\/post"}],"author":[{"embeddable":true,"href":"https:\/\/grundlinien.de\/es\/wp-json\/wp\/v2\/users\/1"}],"replies":[{"embeddable":true,"href":"https:\/\/grundlinien.de\/es\/wp-json\/wp\/v2\/comments?post=901717"}],"version-history":[{"count":2,"href":"https:\/\/grundlinien.de\/es\/wp-json\/wp\/v2\/posts\/901717\/revisions"}],"predecessor-version":[{"id":902098,"href":"https:\/\/grundlinien.de\/es\/wp-json\/wp\/v2\/posts\/901717\/revisions\/902098"}],"wp:attachment":[{"href":"https:\/\/grundlinien.de\/es\/wp-json\/wp\/v2\/media?parent=901717"}],"wp:term":[{"taxonomy":"category","embeddable":true,"href":"https:\/\/grundlinien.de\/es\/wp-json\/wp\/v2\/categories?post=901717"},{"taxonomy":"post_tag","embeddable":true,"href":"https:\/\/grundlinien.de\/es\/wp-json\/wp\/v2\/tags?post=901717"}],"curies":[{"name":"wp","href":"https:\/\/api.w.org\/{rel}","templated":true}]}}