{"id":901721,"date":"2026-08-29T11:53:41","date_gmt":"2026-08-29T09:53:41","guid":{"rendered":"https:\/\/grundlinien.de\/?p=901721"},"modified":"2026-08-29T11:53:41","modified_gmt":"2026-08-29T09:53:41","slug":"192","status":"publish","type":"post","link":"https:\/\/grundlinien.de\/es\/192\/","title":{"rendered":"\u00a7 192"},"content":{"rendered":"\n<p class=\"wp-block-paragraph\">Las necesidades y los medios se convierten, como existencia real, en un <em>ser para otros<\/em>, por cuyas necesidades y trabajo est\u00e1 condicionada rec\u00edprocamente la satisfacci\u00f3n. La abstracci\u00f3n, que se convierte en una cualidad de las necesidades y de los medios (v\u00e9ase el \u00a7 anterior), se convierte tambi\u00e9n en una determinaci\u00f3n de la relaci\u00f3n rec\u00edproca de los individuos entre s\u00ed; esta universalidad, en cuanto <em>ser reconocido<\/em>, es el momento que convierte a aquellas, en su singularizaci\u00f3n y abstracci\u00f3n, en necesidades, medios y modos de satisfacci\u00f3n <em>concretos<\/em>, en cuanto <em>sociales<\/em>.<\/p>\n","protected":false},"excerpt":{"rendered":"<p>Las necesidades y los medios se convierten, como existencia real, en un ser para otros, por cuyas necesidades y trabajo est\u00e1 condicionada rec\u00edprocamente la satisfacci\u00f3n. La abstracci\u00f3n, que se convierte en una cualidad de las necesidades y de los medios (v\u00e9ase el \u00a7 anterior), se convierte tambi\u00e9n en una determinaci\u00f3n de la relaci\u00f3n rec\u00edproca de [&hellip;]<\/p>\n","protected":false},"author":1,"featured_media":0,"comment_status":"open","ping_status":"","sticky":false,"template":"","format":"standard","meta":{"footnotes":""},"categories":[],"tags":[51],"class_list":["post-901721","post","type-post","status-publish","format-standard","hentry","tag-realizacion"],"_links":{"self":[{"href":"https:\/\/grundlinien.de\/es\/wp-json\/wp\/v2\/posts\/901721","targetHints":{"allow":["GET"]}}],"collection":[{"href":"https:\/\/grundlinien.de\/es\/wp-json\/wp\/v2\/posts"}],"about":[{"href":"https:\/\/grundlinien.de\/es\/wp-json\/wp\/v2\/types\/post"}],"author":[{"embeddable":true,"href":"https:\/\/grundlinien.de\/es\/wp-json\/wp\/v2\/users\/1"}],"replies":[{"embeddable":true,"href":"https:\/\/grundlinien.de\/es\/wp-json\/wp\/v2\/comments?post=901721"}],"version-history":[{"count":1,"href":"https:\/\/grundlinien.de\/es\/wp-json\/wp\/v2\/posts\/901721\/revisions"}],"predecessor-version":[{"id":901722,"href":"https:\/\/grundlinien.de\/es\/wp-json\/wp\/v2\/posts\/901721\/revisions\/901722"}],"wp:attachment":[{"href":"https:\/\/grundlinien.de\/es\/wp-json\/wp\/v2\/media?parent=901721"}],"wp:term":[{"taxonomy":"category","embeddable":true,"href":"https:\/\/grundlinien.de\/es\/wp-json\/wp\/v2\/categories?post=901721"},{"taxonomy":"post_tag","embeddable":true,"href":"https:\/\/grundlinien.de\/es\/wp-json\/wp\/v2\/tags?post=901721"}],"curies":[{"name":"wp","href":"https:\/\/api.w.org\/{rel}","templated":true}]}}