{"id":901729,"date":"2026-08-29T11:59:12","date_gmt":"2026-08-29T09:59:12","guid":{"rendered":"https:\/\/grundlinien.de\/?p=901729"},"modified":"2026-08-29T11:59:12","modified_gmt":"2026-08-29T09:59:12","slug":"196","status":"publish","type":"post","link":"https:\/\/grundlinien.de\/es\/196\/","title":{"rendered":"\u00a7 196"},"content":{"rendered":"\n<p class=\"wp-block-paragraph\">La mediaci\u00f3n consistente en preparar y adquirir, para las necesidades <em>particularizadas<\/em>, medios igualmente <em>particularizados<\/em>, es el <em>trabajo<\/em>, el cual especifica, por medio de los procesos m\u00e1s diversos, el material suministrado inmediatamente por la naturaleza para estos fines m\u00faltiples. Esta formaci\u00f3n da entonces al medio su valor y su adecuaci\u00f3n al fin, de modo que el ser humano, en su consumo, se relaciona preferentemente con producciones <em>humanas<\/em>, y son tales esfuerzos los que consume.<\/p>\n","protected":false},"excerpt":{"rendered":"<p>La mediaci\u00f3n consistente en preparar y adquirir, para las necesidades particularizadas, medios igualmente particularizados, es el trabajo, el cual especifica, por medio de los procesos m\u00e1s diversos, el material suministrado inmediatamente por la naturaleza para estos fines m\u00faltiples. Esta formaci\u00f3n da entonces al medio su valor y su adecuaci\u00f3n al fin, de modo que el [&hellip;]<\/p>\n","protected":false},"author":1,"featured_media":0,"comment_status":"open","ping_status":"","sticky":false,"template":"","format":"standard","meta":{"footnotes":""},"categories":[],"tags":[51],"class_list":["post-901729","post","type-post","status-publish","format-standard","hentry","tag-realizacion"],"_links":{"self":[{"href":"https:\/\/grundlinien.de\/es\/wp-json\/wp\/v2\/posts\/901729","targetHints":{"allow":["GET"]}}],"collection":[{"href":"https:\/\/grundlinien.de\/es\/wp-json\/wp\/v2\/posts"}],"about":[{"href":"https:\/\/grundlinien.de\/es\/wp-json\/wp\/v2\/types\/post"}],"author":[{"embeddable":true,"href":"https:\/\/grundlinien.de\/es\/wp-json\/wp\/v2\/users\/1"}],"replies":[{"embeddable":true,"href":"https:\/\/grundlinien.de\/es\/wp-json\/wp\/v2\/comments?post=901729"}],"version-history":[{"count":1,"href":"https:\/\/grundlinien.de\/es\/wp-json\/wp\/v2\/posts\/901729\/revisions"}],"predecessor-version":[{"id":901730,"href":"https:\/\/grundlinien.de\/es\/wp-json\/wp\/v2\/posts\/901729\/revisions\/901730"}],"wp:attachment":[{"href":"https:\/\/grundlinien.de\/es\/wp-json\/wp\/v2\/media?parent=901729"}],"wp:term":[{"taxonomy":"category","embeddable":true,"href":"https:\/\/grundlinien.de\/es\/wp-json\/wp\/v2\/categories?post=901729"},{"taxonomy":"post_tag","embeddable":true,"href":"https:\/\/grundlinien.de\/es\/wp-json\/wp\/v2\/tags?post=901729"}],"curies":[{"name":"wp","href":"https:\/\/api.w.org\/{rel}","templated":true}]}}