{"id":901733,"date":"2026-08-29T12:26:10","date_gmt":"2026-08-29T10:26:10","guid":{"rendered":"https:\/\/grundlinien.de\/?p=901733"},"modified":"2026-08-29T12:26:10","modified_gmt":"2026-08-29T10:26:10","slug":"142","status":"publish","type":"post","link":"https:\/\/grundlinien.de\/es\/142\/","title":{"rendered":"\u00a7 142"},"content":{"rendered":"\n<p class=\"wp-block-paragraph\"><strong>Tercera Parte. La eticidad<\/strong><\/p>\n\n\n\n<p class=\"wp-block-paragraph\">La eticidad es la <em>Idea de la libertad<\/em>, en cuanto el bien viviente que tiene, en la autoconciencia, su saber, su querer y, por medio del actuar de esta, su realidad, as\u00ed como esta [autoconciencia] tiene, en el ser \u00e9tico, su fundamento en y para s\u00ed y su fin motor \u2014 el <em>concepto de la libertad devenido mundo existente y naturaleza de la autoconciencia<\/em>.<\/p>\n","protected":false},"excerpt":{"rendered":"<p>Tercera Parte. La eticidad La eticidad es la Idea de la libertad, en cuanto el bien viviente que tiene, en la autoconciencia, su saber, su querer y, por medio del actuar de esta, su realidad, as\u00ed como esta [autoconciencia] tiene, en el ser \u00e9tico, su fundamento en y para s\u00ed y su fin motor \u2014 [&hellip;]<\/p>\n","protected":false},"author":1,"featured_media":0,"comment_status":"open","ping_status":"","sticky":false,"template":"","format":"standard","meta":{"footnotes":""},"categories":[],"tags":[50],"class_list":["post-901733","post","type-post","status-publish","format-standard","hentry","tag-concepto"],"_links":{"self":[{"href":"https:\/\/grundlinien.de\/es\/wp-json\/wp\/v2\/posts\/901733","targetHints":{"allow":["GET"]}}],"collection":[{"href":"https:\/\/grundlinien.de\/es\/wp-json\/wp\/v2\/posts"}],"about":[{"href":"https:\/\/grundlinien.de\/es\/wp-json\/wp\/v2\/types\/post"}],"author":[{"embeddable":true,"href":"https:\/\/grundlinien.de\/es\/wp-json\/wp\/v2\/users\/1"}],"replies":[{"embeddable":true,"href":"https:\/\/grundlinien.de\/es\/wp-json\/wp\/v2\/comments?post=901733"}],"version-history":[{"count":1,"href":"https:\/\/grundlinien.de\/es\/wp-json\/wp\/v2\/posts\/901733\/revisions"}],"predecessor-version":[{"id":901734,"href":"https:\/\/grundlinien.de\/es\/wp-json\/wp\/v2\/posts\/901733\/revisions\/901734"}],"wp:attachment":[{"href":"https:\/\/grundlinien.de\/es\/wp-json\/wp\/v2\/media?parent=901733"}],"wp:term":[{"taxonomy":"category","embeddable":true,"href":"https:\/\/grundlinien.de\/es\/wp-json\/wp\/v2\/categories?post=901733"},{"taxonomy":"post_tag","embeddable":true,"href":"https:\/\/grundlinien.de\/es\/wp-json\/wp\/v2\/tags?post=901733"}],"curies":[{"name":"wp","href":"https:\/\/api.w.org\/{rel}","templated":true}]}}