{"id":901735,"date":"2026-08-29T12:27:26","date_gmt":"2026-08-29T10:27:26","guid":{"rendered":"https:\/\/grundlinien.de\/?p=901735"},"modified":"2026-08-29T12:27:26","modified_gmt":"2026-08-29T10:27:26","slug":"197","status":"publish","type":"post","link":"https:\/\/grundlinien.de\/es\/197\/","title":{"rendered":"\u00a7 197"},"content":{"rendered":"\n<p class=\"wp-block-paragraph\">En la multiplicidad de las determinaciones y objetos que interesan se desarrolla la <em>formaci\u00f3n te\u00f3rica<\/em>: no solo una multiplicidad de representaciones y conocimientos, sino tambi\u00e9n una movilidad y rapidez del representar y del pasar de una representaci\u00f3n a otra, la captaci\u00f3n de relaciones complejas y universales, etc. \u2014 la formaci\u00f3n del entendimiento en general, y con ello tambi\u00e9n del lenguaje. \u2014 La <em>formaci\u00f3n pr\u00e1ctica<\/em> por medio del trabajo consiste en la necesidad que se autoengendra y en el <em>h\u00e1bito de la ocupaci\u00f3n<\/em> en general, luego en la <em>limitaci\u00f3n de su hacer<\/em>, en parte seg\u00fan la naturaleza del material, pero en parte, sobre todo, seg\u00fan el arbitrio de otros, y en un h\u00e1bito, adquirido mediante esta disciplina, de actividad <em>objetiva<\/em> y de habilidades <em>v\u00e1lidas universalmente<\/em>.<\/p>\n","protected":false},"excerpt":{"rendered":"<p>En la multiplicidad de las determinaciones y objetos que interesan se desarrolla la formaci\u00f3n te\u00f3rica: no solo una multiplicidad de representaciones y conocimientos, sino tambi\u00e9n una movilidad y rapidez del representar y del pasar de una representaci\u00f3n a otra, la captaci\u00f3n de relaciones complejas y universales, etc. \u2014 la formaci\u00f3n del entendimiento en general, y [&hellip;]<\/p>\n","protected":false},"author":1,"featured_media":0,"comment_status":"open","ping_status":"","sticky":false,"template":"","format":"standard","meta":{"footnotes":""},"categories":[],"tags":[51],"class_list":["post-901735","post","type-post","status-publish","format-standard","hentry","tag-realizacion"],"_links":{"self":[{"href":"https:\/\/grundlinien.de\/es\/wp-json\/wp\/v2\/posts\/901735","targetHints":{"allow":["GET"]}}],"collection":[{"href":"https:\/\/grundlinien.de\/es\/wp-json\/wp\/v2\/posts"}],"about":[{"href":"https:\/\/grundlinien.de\/es\/wp-json\/wp\/v2\/types\/post"}],"author":[{"embeddable":true,"href":"https:\/\/grundlinien.de\/es\/wp-json\/wp\/v2\/users\/1"}],"replies":[{"embeddable":true,"href":"https:\/\/grundlinien.de\/es\/wp-json\/wp\/v2\/comments?post=901735"}],"version-history":[{"count":1,"href":"https:\/\/grundlinien.de\/es\/wp-json\/wp\/v2\/posts\/901735\/revisions"}],"predecessor-version":[{"id":901736,"href":"https:\/\/grundlinien.de\/es\/wp-json\/wp\/v2\/posts\/901735\/revisions\/901736"}],"wp:attachment":[{"href":"https:\/\/grundlinien.de\/es\/wp-json\/wp\/v2\/media?parent=901735"}],"wp:term":[{"taxonomy":"category","embeddable":true,"href":"https:\/\/grundlinien.de\/es\/wp-json\/wp\/v2\/categories?post=901735"},{"taxonomy":"post_tag","embeddable":true,"href":"https:\/\/grundlinien.de\/es\/wp-json\/wp\/v2\/tags?post=901735"}],"curies":[{"name":"wp","href":"https:\/\/api.w.org\/{rel}","templated":true}]}}