{"id":901747,"date":"2026-08-29T12:36:19","date_gmt":"2026-08-29T10:36:19","guid":{"rendered":"https:\/\/grundlinien.de\/?p=901747"},"modified":"2026-08-29T12:36:19","modified_gmt":"2026-08-29T10:36:19","slug":"204","status":"publish","type":"post","link":"https:\/\/grundlinien.de\/es\/204\/","title":{"rendered":"\u00a7 204"},"content":{"rendered":"\n<p class=\"wp-block-paragraph\">b) El <em>estamento del oficio<\/em> tiene por ocupaci\u00f3n la <em>formaci\u00f3n<\/em> del producto natural, y est\u00e1 referido, para los medios de su subsistencia, a su <em>trabajo<\/em>, a la <em>reflexi\u00f3n<\/em> y al entendimiento, as\u00ed como esencialmente a la mediaci\u00f3n con las necesidades y los trabajos de otros. Lo que produce y goza lo debe preferentemente <em>a s\u00ed mismo<\/em>, a su propia actividad. Su ocupaci\u00f3n se distingue, a su vez, en: trabajo para necesidades singulares, de manera m\u00e1s concreta y por encargo de individuos singulares \u2014 el <em>estamento artesanal<\/em>; como masa total m\u00e1s abstracta de trabajo para necesidades singulares, pero de una demanda m\u00e1s universal \u2014 el <em>estamento fabril<\/em>; y como negocio del intercambio de los medios singularizados entre s\u00ed, preferentemente por medio del medio universal de intercambio, el dinero, en el cual el valor abstracto de todas las mercanc\u00edas es efectivo \u2014 el <em>estamento comercial<\/em>.<\/p>\n","protected":false},"excerpt":{"rendered":"<p>b) El estamento del oficio tiene por ocupaci\u00f3n la formaci\u00f3n del producto natural, y est\u00e1 referido, para los medios de su subsistencia, a su trabajo, a la reflexi\u00f3n y al entendimiento, as\u00ed como esencialmente a la mediaci\u00f3n con las necesidades y los trabajos de otros. Lo que produce y goza lo debe preferentemente a s\u00ed [&hellip;]<\/p>\n","protected":false},"author":1,"featured_media":0,"comment_status":"open","ping_status":"","sticky":false,"template":"","format":"standard","meta":{"footnotes":""},"categories":[],"tags":[51],"class_list":["post-901747","post","type-post","status-publish","format-standard","hentry","tag-realizacion"],"_links":{"self":[{"href":"https:\/\/grundlinien.de\/es\/wp-json\/wp\/v2\/posts\/901747","targetHints":{"allow":["GET"]}}],"collection":[{"href":"https:\/\/grundlinien.de\/es\/wp-json\/wp\/v2\/posts"}],"about":[{"href":"https:\/\/grundlinien.de\/es\/wp-json\/wp\/v2\/types\/post"}],"author":[{"embeddable":true,"href":"https:\/\/grundlinien.de\/es\/wp-json\/wp\/v2\/users\/1"}],"replies":[{"embeddable":true,"href":"https:\/\/grundlinien.de\/es\/wp-json\/wp\/v2\/comments?post=901747"}],"version-history":[{"count":1,"href":"https:\/\/grundlinien.de\/es\/wp-json\/wp\/v2\/posts\/901747\/revisions"}],"predecessor-version":[{"id":901748,"href":"https:\/\/grundlinien.de\/es\/wp-json\/wp\/v2\/posts\/901747\/revisions\/901748"}],"wp:attachment":[{"href":"https:\/\/grundlinien.de\/es\/wp-json\/wp\/v2\/media?parent=901747"}],"wp:term":[{"taxonomy":"category","embeddable":true,"href":"https:\/\/grundlinien.de\/es\/wp-json\/wp\/v2\/categories?post=901747"},{"taxonomy":"post_tag","embeddable":true,"href":"https:\/\/grundlinien.de\/es\/wp-json\/wp\/v2\/tags?post=901747"}],"curies":[{"name":"wp","href":"https:\/\/api.w.org\/{rel}","templated":true}]}}