{"id":901755,"date":"2026-08-29T12:42:20","date_gmt":"2026-08-29T10:42:20","guid":{"rendered":"https:\/\/grundlinien.de\/?p=901755"},"modified":"2026-08-29T12:42:20","modified_gmt":"2026-08-29T10:42:20","slug":"208","status":"publish","type":"post","link":"https:\/\/grundlinien.de\/es\/208\/","title":{"rendered":"\u00a7 208"},"content":{"rendered":"\n<p class=\"wp-block-paragraph\">El principio de este sistema de las necesidades tiene, como propia particularidad del saber y el querer, la universalidad que es <em>en y para s\u00ed<\/em>, la universalidad de la <em>libertad<\/em>, solo <em>abstractamente<\/em>, es decir, en s\u00ed, como <em>derecho de propiedad<\/em>, el cual, sin embargo, no est\u00e1 aqu\u00ed ya solo <em>en s\u00ed<\/em>, sino, en su realidad vigente, como <em>protecci\u00f3n<\/em> de la propiedad por medio de la <em>administraci\u00f3n de justicia<\/em>.<\/p>\n","protected":false},"excerpt":{"rendered":"<p>El principio de este sistema de las necesidades tiene, como propia particularidad del saber y el querer, la universalidad que es en y para s\u00ed, la universalidad de la libertad, solo abstractamente, es decir, en s\u00ed, como derecho de propiedad, el cual, sin embargo, no est\u00e1 aqu\u00ed ya solo en s\u00ed, sino, en su realidad [&hellip;]<\/p>\n","protected":false},"author":1,"featured_media":0,"comment_status":"open","ping_status":"","sticky":false,"template":"","format":"standard","meta":{"footnotes":""},"categories":[],"tags":[50],"class_list":["post-901755","post","type-post","status-publish","format-standard","hentry","tag-concepto"],"_links":{"self":[{"href":"https:\/\/grundlinien.de\/es\/wp-json\/wp\/v2\/posts\/901755","targetHints":{"allow":["GET"]}}],"collection":[{"href":"https:\/\/grundlinien.de\/es\/wp-json\/wp\/v2\/posts"}],"about":[{"href":"https:\/\/grundlinien.de\/es\/wp-json\/wp\/v2\/types\/post"}],"author":[{"embeddable":true,"href":"https:\/\/grundlinien.de\/es\/wp-json\/wp\/v2\/users\/1"}],"replies":[{"embeddable":true,"href":"https:\/\/grundlinien.de\/es\/wp-json\/wp\/v2\/comments?post=901755"}],"version-history":[{"count":1,"href":"https:\/\/grundlinien.de\/es\/wp-json\/wp\/v2\/posts\/901755\/revisions"}],"predecessor-version":[{"id":901756,"href":"https:\/\/grundlinien.de\/es\/wp-json\/wp\/v2\/posts\/901755\/revisions\/901756"}],"wp:attachment":[{"href":"https:\/\/grundlinien.de\/es\/wp-json\/wp\/v2\/media?parent=901755"}],"wp:term":[{"taxonomy":"category","embeddable":true,"href":"https:\/\/grundlinien.de\/es\/wp-json\/wp\/v2\/categories?post=901755"},{"taxonomy":"post_tag","embeddable":true,"href":"https:\/\/grundlinien.de\/es\/wp-json\/wp\/v2\/tags?post=901755"}],"curies":[{"name":"wp","href":"https:\/\/api.w.org\/{rel}","templated":true}]}}