{"id":901767,"date":"2026-08-29T13:07:18","date_gmt":"2026-08-29T11:07:18","guid":{"rendered":"https:\/\/grundlinien.de\/?p=901767"},"modified":"2026-08-29T20:00:14","modified_gmt":"2026-08-29T18:00:14","slug":"215","status":"publish","type":"post","link":"https:\/\/grundlinien.de\/es\/215\/","title":{"rendered":"\u00a7 215"},"content":{"rendered":"\n<p class=\"wp-block-paragraph\"><strong>b. La existencia de la ley<\/strong><\/p>\n\n\n\n<p class=\"wp-block-paragraph\">La obligatoriedad frente a la ley encierra, desde los lados del derecho de la autoconciencia (<a href=\"https:\/\/grundlinien.de\/es\/132\/\">\u00a7 132<\/a>, con la Observaci\u00f3n), la necesidad de que las leyes sean hechas <em>universalmente conocidas<\/em>.<\/p>\n\n\n\n<blockquote class=\"wp-block-quote is-layout-flow wp-block-quote-is-layout-flow\">\n<p class=\"wp-block-paragraph\">Colgar las leyes tan alto como hac\u00eda <em>Dionisio el tirano<\/em>, de modo que ning\u00fan ciudadano pudiera leerlas \u2014o bien enterrarlas en el prolijo aparato de libros eruditos, colecciones de decisiones de sentencias y opiniones divergentes, costumbres, etc., y encima en una lengua extranjera, de modo que el conocimiento del derecho vigente solo sea accesible a quienes se dedican eruditamente a \u00e9l\u2014 es una y la misma injusticia. \u2014 Los gobernantes que han dado a sus pueblos, aunque solo fuera una recopilaci\u00f3n informe, como Justiniano, y todav\u00eda m\u00e1s un <em>derecho territorial<\/em>, como c\u00f3digo de leyes ordenado y determinado, no solo se han convertido en sus mayores bienhechores y han sido alabados por ellos con gratitud por ello, sino que han ejercido con ello un gran <em>acto<\/em> de <em>justicia<\/em>.<\/p>\n<\/blockquote>\n","protected":false},"excerpt":{"rendered":"<p>b. La existencia de la ley La obligatoriedad frente a la ley encierra, desde los lados del derecho de la autoconciencia (\u00a7 132, con la Observaci\u00f3n), la necesidad de que las leyes sean hechas universalmente conocidas. Colgar las leyes tan alto como hac\u00eda Dionisio el tirano, de modo que ning\u00fan ciudadano pudiera leerlas \u2014o bien [&hellip;]<\/p>\n","protected":false},"author":1,"featured_media":0,"comment_status":"open","ping_status":"","sticky":false,"template":"","format":"standard","meta":{"footnotes":""},"categories":[],"tags":[50],"class_list":["post-901767","post","type-post","status-publish","format-standard","hentry","tag-concepto"],"_links":{"self":[{"href":"https:\/\/grundlinien.de\/es\/wp-json\/wp\/v2\/posts\/901767","targetHints":{"allow":["GET"]}}],"collection":[{"href":"https:\/\/grundlinien.de\/es\/wp-json\/wp\/v2\/posts"}],"about":[{"href":"https:\/\/grundlinien.de\/es\/wp-json\/wp\/v2\/types\/post"}],"author":[{"embeddable":true,"href":"https:\/\/grundlinien.de\/es\/wp-json\/wp\/v2\/users\/1"}],"replies":[{"embeddable":true,"href":"https:\/\/grundlinien.de\/es\/wp-json\/wp\/v2\/comments?post=901767"}],"version-history":[{"count":2,"href":"https:\/\/grundlinien.de\/es\/wp-json\/wp\/v2\/posts\/901767\/revisions"}],"predecessor-version":[{"id":902094,"href":"https:\/\/grundlinien.de\/es\/wp-json\/wp\/v2\/posts\/901767\/revisions\/902094"}],"wp:attachment":[{"href":"https:\/\/grundlinien.de\/es\/wp-json\/wp\/v2\/media?parent=901767"}],"wp:term":[{"taxonomy":"category","embeddable":true,"href":"https:\/\/grundlinien.de\/es\/wp-json\/wp\/v2\/categories?post=901767"},{"taxonomy":"post_tag","embeddable":true,"href":"https:\/\/grundlinien.de\/es\/wp-json\/wp\/v2\/tags?post=901767"}],"curies":[{"name":"wp","href":"https:\/\/api.w.org\/{rel}","templated":true}]}}