{"id":901781,"date":"2026-08-29T14:23:06","date_gmt":"2026-08-29T12:23:06","guid":{"rendered":"https:\/\/grundlinien.de\/?p=901781"},"modified":"2026-08-29T14:23:06","modified_gmt":"2026-08-29T12:23:06","slug":"223","status":"publish","type":"post","link":"https:\/\/grundlinien.de\/es\/223\/","title":{"rendered":"\u00a7 223"},"content":{"rendered":"\n<p class=\"wp-block-paragraph\">Por la fragmentaci\u00f3n de estos actos en actos cada vez m\u00e1s singularizados, y sus derechos, que no contienen en s\u00ed ning\u00fan l\u00edmite, el procedimiento judicial, <em>en s\u00ed<\/em> ya un medio, se enfrenta a su fin como algo exterior. \u2014 En la medida en que a las partes les corresponde el derecho de atravesar tal prolijo formalismo, que es <em>su<\/em> derecho, as\u00ed, en la medida en que este puede igualmente convertirse en un mal e incluso en instrumento de la injusticia, es deber de ellas, por parte del tribunal \u2014para poner a las partes y al derecho mismo, en cuanto la cosa sustancial de la que se trata, a salvo frente al procedimiento judicial y su abuso\u2014, someterse a un tribunal simple (de arbitraje, de conciliaci\u00f3n) y al intento de un acuerdo, antes de recurrir a aquel.<\/p>\n\n\n\n<blockquote class=\"wp-block-quote is-layout-flow wp-block-quote-is-layout-flow\">\n<p class=\"wp-block-paragraph\">La <em>equidad<\/em> contiene una restricci\u00f3n al derecho formal, hecha por consideraciones morales o de otra \u00edndole, y se refiere, en un primer momento, al <em>contenido<\/em> del litigio. Pero un <em>tribunal de equidad<\/em> tendr\u00e1 el significado de decidir sobre el caso singular sin atenerse a las formalidades del procedimiento judicial, y en particular a los medios de prueba objetivos tal como pueden ser concebidos legalmente, as\u00ed como seg\u00fan el inter\u00e9s propio del caso singular en cuanto <em>este<\/em>, no en inter\u00e9s de una disposici\u00f3n legal que ha de hacerse universal.<\/p>\n<\/blockquote>\n","protected":false},"excerpt":{"rendered":"<p>Por la fragmentaci\u00f3n de estos actos en actos cada vez m\u00e1s singularizados, y sus derechos, que no contienen en s\u00ed ning\u00fan l\u00edmite, el procedimiento judicial, en s\u00ed ya un medio, se enfrenta a su fin como algo exterior. \u2014 En la medida en que a las partes les corresponde el derecho de atravesar tal prolijo [&hellip;]<\/p>\n","protected":false},"author":1,"featured_media":0,"comment_status":"open","ping_status":"","sticky":false,"template":"","format":"standard","meta":{"footnotes":""},"categories":[],"tags":[51],"class_list":["post-901781","post","type-post","status-publish","format-standard","hentry","tag-realizacion"],"_links":{"self":[{"href":"https:\/\/grundlinien.de\/es\/wp-json\/wp\/v2\/posts\/901781","targetHints":{"allow":["GET"]}}],"collection":[{"href":"https:\/\/grundlinien.de\/es\/wp-json\/wp\/v2\/posts"}],"about":[{"href":"https:\/\/grundlinien.de\/es\/wp-json\/wp\/v2\/types\/post"}],"author":[{"embeddable":true,"href":"https:\/\/grundlinien.de\/es\/wp-json\/wp\/v2\/users\/1"}],"replies":[{"embeddable":true,"href":"https:\/\/grundlinien.de\/es\/wp-json\/wp\/v2\/comments?post=901781"}],"version-history":[{"count":1,"href":"https:\/\/grundlinien.de\/es\/wp-json\/wp\/v2\/posts\/901781\/revisions"}],"predecessor-version":[{"id":901782,"href":"https:\/\/grundlinien.de\/es\/wp-json\/wp\/v2\/posts\/901781\/revisions\/901782"}],"wp:attachment":[{"href":"https:\/\/grundlinien.de\/es\/wp-json\/wp\/v2\/media?parent=901781"}],"wp:term":[{"taxonomy":"category","embeddable":true,"href":"https:\/\/grundlinien.de\/es\/wp-json\/wp\/v2\/categories?post=901781"},{"taxonomy":"post_tag","embeddable":true,"href":"https:\/\/grundlinien.de\/es\/wp-json\/wp\/v2\/tags?post=901781"}],"curies":[{"name":"wp","href":"https:\/\/api.w.org\/{rel}","templated":true}]}}