{"id":901785,"date":"2026-08-29T14:26:19","date_gmt":"2026-08-29T12:26:19","guid":{"rendered":"https:\/\/grundlinien.de\/?p=901785"},"modified":"2026-08-29T19:59:58","modified_gmt":"2026-08-29T17:59:58","slug":"225","status":"publish","type":"post","link":"https:\/\/grundlinien.de\/es\/225\/","title":{"rendered":"\u00a7 225"},"content":{"rendered":"\n<p class=\"wp-block-paragraph\">En la ocupaci\u00f3n de juzgar, en cuanto aplicaci\u00f3n de la ley al <em>caso singular<\/em>, se distinguen los <em>dos lados<\/em>: <em>primero<\/em>, el conocimiento de la \u00edndole del caso seg\u00fan su <em>singularidad inmediata<\/em> \u2014 si hay un contrato, etc., presente, si se ha cometido un acto lesivo y qui\u00e9n sea su autor, y, en el derecho <em>penal<\/em>, la reflexi\u00f3n en cuanto determinaci\u00f3n del acto seg\u00fan su car\u00e1cter <em>sustancial<\/em>, delictivo (<a href=\"https:\/\/grundlinien.de\/es\/119\/\">\u00a7 119<\/a>, Observaci\u00f3n) \u2014; <em>segundo<\/em>, la subsunci\u00f3n del caso bajo la <em>ley<\/em> del restablecimiento del derecho, bajo la cual, en lo penal, se comprende la pena. Las decisiones sobre estos dos lados diferentes son funciones diferentes.<\/p>\n\n\n\n<blockquote class=\"wp-block-quote is-layout-flow wp-block-quote-is-layout-flow\">\n<p class=\"wp-block-paragraph\">En la constituci\u00f3n judicial romana, la distinci\u00f3n de estas funciones se manifestaba en que el pretor daba su decisi\u00f3n, [para] <em>en el caso<\/em> de que la cosa se comportara as\u00ed o as\u00e1, y en que, para la investigaci\u00f3n de este comportamiento, nombraba un juez [<em>judex<\/em>] particular. \u2014 La caracterizaci\u00f3n de un acto seg\u00fan su cualidad delictiva determinada (por ejemplo, si es un asesinato o un homicidio) queda, en el procedimiento jur\u00eddico ingl\u00e9s, librada al criterio o al arbitrio del acusador, y el tribunal no puede tomar otra determinaci\u00f3n, aunque considere aquella incorrecta.<\/p>\n<\/blockquote>\n","protected":false},"excerpt":{"rendered":"<p>En la ocupaci\u00f3n de juzgar, en cuanto aplicaci\u00f3n de la ley al caso singular, se distinguen los dos lados: primero, el conocimiento de la \u00edndole del caso seg\u00fan su singularidad inmediata \u2014 si hay un contrato, etc., presente, si se ha cometido un acto lesivo y qui\u00e9n sea su autor, y, en el derecho penal, [&hellip;]<\/p>\n","protected":false},"author":1,"featured_media":0,"comment_status":"open","ping_status":"","sticky":false,"template":"","format":"standard","meta":{"footnotes":""},"categories":[],"tags":[51],"class_list":["post-901785","post","type-post","status-publish","format-standard","hentry","tag-realizacion"],"_links":{"self":[{"href":"https:\/\/grundlinien.de\/es\/wp-json\/wp\/v2\/posts\/901785","targetHints":{"allow":["GET"]}}],"collection":[{"href":"https:\/\/grundlinien.de\/es\/wp-json\/wp\/v2\/posts"}],"about":[{"href":"https:\/\/grundlinien.de\/es\/wp-json\/wp\/v2\/types\/post"}],"author":[{"embeddable":true,"href":"https:\/\/grundlinien.de\/es\/wp-json\/wp\/v2\/users\/1"}],"replies":[{"embeddable":true,"href":"https:\/\/grundlinien.de\/es\/wp-json\/wp\/v2\/comments?post=901785"}],"version-history":[{"count":2,"href":"https:\/\/grundlinien.de\/es\/wp-json\/wp\/v2\/posts\/901785\/revisions"}],"predecessor-version":[{"id":902088,"href":"https:\/\/grundlinien.de\/es\/wp-json\/wp\/v2\/posts\/901785\/revisions\/902088"}],"wp:attachment":[{"href":"https:\/\/grundlinien.de\/es\/wp-json\/wp\/v2\/media?parent=901785"}],"wp:term":[{"taxonomy":"category","embeddable":true,"href":"https:\/\/grundlinien.de\/es\/wp-json\/wp\/v2\/categories?post=901785"},{"taxonomy":"post_tag","embeddable":true,"href":"https:\/\/grundlinien.de\/es\/wp-json\/wp\/v2\/tags?post=901785"}],"curies":[{"name":"wp","href":"https:\/\/api.w.org\/{rel}","templated":true}]}}