{"id":901793,"date":"2026-08-29T14:33:19","date_gmt":"2026-08-29T12:33:19","guid":{"rendered":"https:\/\/grundlinien.de\/?p=901793"},"modified":"2026-08-29T14:33:19","modified_gmt":"2026-08-29T12:33:19","slug":"229","status":"publish","type":"post","link":"https:\/\/grundlinien.de\/es\/229\/","title":{"rendered":"\u00a7 229"},"content":{"rendered":"\n<p class=\"wp-block-paragraph\">En la administraci\u00f3n de justicia, la sociedad civil, en la cual la Idea se ha perdido en la particularidad y se ha disgregado en la separaci\u00f3n de lo interior y lo exterior, se reconduce a su <em>concepto<\/em>, la unidad de lo universal que es en s\u00ed con la particularidad subjetiva, aunque esta en el caso singular, y aquel en el significado del <em>derecho abstracto<\/em>. La realizaci\u00f3n de esta unidad, en su extensi\u00f3n a todo el \u00e1mbito de la particularidad, en un primer momento como uni\u00f3n relativa, constituye la determinaci\u00f3n de la <em>polic\u00eda<\/em>, y, en totalidad limitada pero concreta, la <em>corporaci\u00f3n<\/em>.<\/p>\n","protected":false},"excerpt":{"rendered":"<p>En la administraci\u00f3n de justicia, la sociedad civil, en la cual la Idea se ha perdido en la particularidad y se ha disgregado en la separaci\u00f3n de lo interior y lo exterior, se reconduce a su concepto, la unidad de lo universal que es en s\u00ed con la particularidad subjetiva, aunque esta en el caso [&hellip;]<\/p>\n","protected":false},"author":1,"featured_media":0,"comment_status":"open","ping_status":"","sticky":false,"template":"","format":"standard","meta":{"footnotes":""},"categories":[],"tags":[50],"class_list":["post-901793","post","type-post","status-publish","format-standard","hentry","tag-concepto"],"_links":{"self":[{"href":"https:\/\/grundlinien.de\/es\/wp-json\/wp\/v2\/posts\/901793","targetHints":{"allow":["GET"]}}],"collection":[{"href":"https:\/\/grundlinien.de\/es\/wp-json\/wp\/v2\/posts"}],"about":[{"href":"https:\/\/grundlinien.de\/es\/wp-json\/wp\/v2\/types\/post"}],"author":[{"embeddable":true,"href":"https:\/\/grundlinien.de\/es\/wp-json\/wp\/v2\/users\/1"}],"replies":[{"embeddable":true,"href":"https:\/\/grundlinien.de\/es\/wp-json\/wp\/v2\/comments?post=901793"}],"version-history":[{"count":1,"href":"https:\/\/grundlinien.de\/es\/wp-json\/wp\/v2\/posts\/901793\/revisions"}],"predecessor-version":[{"id":901794,"href":"https:\/\/grundlinien.de\/es\/wp-json\/wp\/v2\/posts\/901793\/revisions\/901794"}],"wp:attachment":[{"href":"https:\/\/grundlinien.de\/es\/wp-json\/wp\/v2\/media?parent=901793"}],"wp:term":[{"taxonomy":"category","embeddable":true,"href":"https:\/\/grundlinien.de\/es\/wp-json\/wp\/v2\/categories?post=901793"},{"taxonomy":"post_tag","embeddable":true,"href":"https:\/\/grundlinien.de\/es\/wp-json\/wp\/v2\/tags?post=901793"}],"curies":[{"name":"wp","href":"https:\/\/api.w.org\/{rel}","templated":true}]}}