{"id":901805,"date":"2026-08-29T14:43:13","date_gmt":"2026-08-29T12:43:13","guid":{"rendered":"https:\/\/grundlinien.de\/?p=901805"},"modified":"2026-08-29T14:43:13","modified_gmt":"2026-08-29T12:43:13","slug":"235","status":"publish","type":"post","link":"https:\/\/grundlinien.de\/es\/235\/","title":{"rendered":"\u00a7 235"},"content":{"rendered":"\n<p class=\"wp-block-paragraph\">En la indeterminada multiplicaci\u00f3n y entrecruzamiento de las necesidades diarias resultan, en atenci\u00f3n al <em>aprovisionamiento<\/em> y al <em>intercambio de los medios<\/em> de su satisfacci\u00f3n, sobre cuya posibilidad no obstaculizada cuenta cada uno, as\u00ed como en atenci\u00f3n a las investigaciones y actuaciones que sobre ello han de abreviarse en la mayor medida posible, lados que son de inter\u00e9s com\u00fan y, a la vez, para <em>todos<\/em>, la ocupaci\u00f3n de <em>uno solo<\/em> \u2014 y medios y disposiciones que pueden ser de uso com\u00fan. Estos <em>negocios universales<\/em> y disposiciones de <em>utilidad p\u00fablica<\/em> exigen la vigilancia y previsi\u00f3n del poder p\u00fablico.<\/p>\n","protected":false},"excerpt":{"rendered":"<p>En la indeterminada multiplicaci\u00f3n y entrecruzamiento de las necesidades diarias resultan, en atenci\u00f3n al aprovisionamiento y al intercambio de los medios de su satisfacci\u00f3n, sobre cuya posibilidad no obstaculizada cuenta cada uno, as\u00ed como en atenci\u00f3n a las investigaciones y actuaciones que sobre ello han de abreviarse en la mayor medida posible, lados que son [&hellip;]<\/p>\n","protected":false},"author":1,"featured_media":0,"comment_status":"open","ping_status":"","sticky":false,"template":"","format":"standard","meta":{"footnotes":""},"categories":[],"tags":[51],"class_list":["post-901805","post","type-post","status-publish","format-standard","hentry","tag-realizacion"],"_links":{"self":[{"href":"https:\/\/grundlinien.de\/es\/wp-json\/wp\/v2\/posts\/901805","targetHints":{"allow":["GET"]}}],"collection":[{"href":"https:\/\/grundlinien.de\/es\/wp-json\/wp\/v2\/posts"}],"about":[{"href":"https:\/\/grundlinien.de\/es\/wp-json\/wp\/v2\/types\/post"}],"author":[{"embeddable":true,"href":"https:\/\/grundlinien.de\/es\/wp-json\/wp\/v2\/users\/1"}],"replies":[{"embeddable":true,"href":"https:\/\/grundlinien.de\/es\/wp-json\/wp\/v2\/comments?post=901805"}],"version-history":[{"count":1,"href":"https:\/\/grundlinien.de\/es\/wp-json\/wp\/v2\/posts\/901805\/revisions"}],"predecessor-version":[{"id":901806,"href":"https:\/\/grundlinien.de\/es\/wp-json\/wp\/v2\/posts\/901805\/revisions\/901806"}],"wp:attachment":[{"href":"https:\/\/grundlinien.de\/es\/wp-json\/wp\/v2\/media?parent=901805"}],"wp:term":[{"taxonomy":"category","embeddable":true,"href":"https:\/\/grundlinien.de\/es\/wp-json\/wp\/v2\/categories?post=901805"},{"taxonomy":"post_tag","embeddable":true,"href":"https:\/\/grundlinien.de\/es\/wp-json\/wp\/v2\/tags?post=901805"}],"curies":[{"name":"wp","href":"https:\/\/api.w.org\/{rel}","templated":true}]}}