{"id":901807,"date":"2026-08-29T14:46:49","date_gmt":"2026-08-29T12:46:49","guid":{"rendered":"https:\/\/grundlinien.de\/?p=901807"},"modified":"2026-08-29T14:46:49","modified_gmt":"2026-08-29T12:46:49","slug":"236","status":"publish","type":"post","link":"https:\/\/grundlinien.de\/es\/236\/","title":{"rendered":"\u00a7 236"},"content":{"rendered":"\n<p class=\"wp-block-paragraph\">Los diversos intereses de productores y consumidores pueden entrar en colisi\u00f3n entre s\u00ed, y aunque la relaci\u00f3n correcta se establece <em>en conjunto<\/em> por s\u00ed misma, la compensaci\u00f3n necesita, sin embargo, de una regulaci\u00f3n llevada a cabo con conciencia, situada por encima de ambos. El derecho a tal regulaci\u00f3n, para lo singular (por ejemplo, la tasaci\u00f3n de los art\u00edculos de las necesidades vitales m\u00e1s comunes), reside en que, por medio de la exposici\u00f3n p\u00fablica de mercanc\u00edas que son de uso enteramente universal y cotidiano, estas no se ofrecen tanto a un individuo como tal, sino a \u00e9l como universal, al p\u00fablico, cuyo derecho a no ser enga\u00f1ado, y la inspecci\u00f3n de las mercanc\u00edas como negocio com\u00fan, pueden ser representados y atendidos por un poder p\u00fablico. \u2014 Pero es sobre todo la dependencia de grandes ramos de industria respecto de circunstancias exteriores y combinaciones remotas, que los individuos asignados y ligados a aquellas esferas no pueden abarcar en su conexi\u00f3n, lo que hace necesaria una previsi\u00f3n y direcci\u00f3n universal.<\/p>\n\n\n\n<blockquote class=\"wp-block-quote is-layout-flow wp-block-quote-is-layout-flow\">\n<p class=\"wp-block-paragraph\">Frente a la libertad del oficio y del comercio en la sociedad civil, el otro extremo es el sustento, as\u00ed como la determinaci\u00f3n del trabajo de todos, por medio de disposici\u00f3n p\u00fablica \u2014 como, digamos, tambi\u00e9n el antiguo trabajo de las pir\u00e1mides y de las dem\u00e1s obras enormes egipcias y asi\u00e1ticas, que fueron producidas para fines p\u00fablicos sin la mediaci\u00f3n del trabajo del singular por medio de su arbitrio particular y su inter\u00e9s particular. Este inter\u00e9s reclama aquella libertad frente a la regulaci\u00f3n superior, pero, cuanto m\u00e1s ciegamente se sumerge en el fin ego\u00edsta, tanto m\u00e1s necesita de una tal, para ser reconducido a lo universal, y para abreviar y mitigar las peligrosas convulsiones y la duraci\u00f3n del intervalo en que las colisiones deben compensarse por la v\u00eda de la necesidad inconsciente.<\/p>\n<\/blockquote>\n","protected":false},"excerpt":{"rendered":"<p>Los diversos intereses de productores y consumidores pueden entrar en colisi\u00f3n entre s\u00ed, y aunque la relaci\u00f3n correcta se establece en conjunto por s\u00ed misma, la compensaci\u00f3n necesita, sin embargo, de una regulaci\u00f3n llevada a cabo con conciencia, situada por encima de ambos. El derecho a tal regulaci\u00f3n, para lo singular (por ejemplo, la tasaci\u00f3n [&hellip;]<\/p>\n","protected":false},"author":1,"featured_media":0,"comment_status":"open","ping_status":"","sticky":false,"template":"","format":"standard","meta":{"footnotes":""},"categories":[],"tags":[51],"class_list":["post-901807","post","type-post","status-publish","format-standard","hentry","tag-realizacion"],"_links":{"self":[{"href":"https:\/\/grundlinien.de\/es\/wp-json\/wp\/v2\/posts\/901807","targetHints":{"allow":["GET"]}}],"collection":[{"href":"https:\/\/grundlinien.de\/es\/wp-json\/wp\/v2\/posts"}],"about":[{"href":"https:\/\/grundlinien.de\/es\/wp-json\/wp\/v2\/types\/post"}],"author":[{"embeddable":true,"href":"https:\/\/grundlinien.de\/es\/wp-json\/wp\/v2\/users\/1"}],"replies":[{"embeddable":true,"href":"https:\/\/grundlinien.de\/es\/wp-json\/wp\/v2\/comments?post=901807"}],"version-history":[{"count":1,"href":"https:\/\/grundlinien.de\/es\/wp-json\/wp\/v2\/posts\/901807\/revisions"}],"predecessor-version":[{"id":901808,"href":"https:\/\/grundlinien.de\/es\/wp-json\/wp\/v2\/posts\/901807\/revisions\/901808"}],"wp:attachment":[{"href":"https:\/\/grundlinien.de\/es\/wp-json\/wp\/v2\/media?parent=901807"}],"wp:term":[{"taxonomy":"category","embeddable":true,"href":"https:\/\/grundlinien.de\/es\/wp-json\/wp\/v2\/categories?post=901807"},{"taxonomy":"post_tag","embeddable":true,"href":"https:\/\/grundlinien.de\/es\/wp-json\/wp\/v2\/tags?post=901807"}],"curies":[{"name":"wp","href":"https:\/\/api.w.org\/{rel}","templated":true}]}}