{"id":901811,"date":"2026-08-29T14:48:44","date_gmt":"2026-08-29T12:48:44","guid":{"rendered":"https:\/\/grundlinien.de\/?p=901811"},"modified":"2026-08-29T14:48:44","modified_gmt":"2026-08-29T12:48:44","slug":"238","status":"publish","type":"post","link":"https:\/\/grundlinien.de\/es\/238\/","title":{"rendered":"\u00a7 238"},"content":{"rendered":"\n<p class=\"wp-block-paragraph\">En un primer momento, la familia es el todo sustancial al cual pertenece la previsi\u00f3n para este lado particular del individuo, tanto en atenci\u00f3n a los medios y habilidades para poder adquirir algo del patrimonio universal, como en atenci\u00f3n a su subsistencia y sustento en caso de incapacidad sobreviniente. Pero la sociedad civil arranca al individuo de este v\u00ednculo, extra\u00f1a entre s\u00ed a sus miembros, y los reconoce como personas independientes; sustituye, adem\u00e1s, en lugar de la naturaleza exterior inorg\u00e1nica y del suelo paterno, en el cual el singular ten\u00eda su subsistencia, la suya propia, y somete la subsistencia de toda la familia misma a la dependencia de ella, a la contingencia. As\u00ed, el individuo se ha convertido en <em>hijo de la sociedad civil<\/em>, que tiene tantas pretensiones frente a \u00e9l como \u00e9l derechos frente a ella.<\/p>\n","protected":false},"excerpt":{"rendered":"<p>En un primer momento, la familia es el todo sustancial al cual pertenece la previsi\u00f3n para este lado particular del individuo, tanto en atenci\u00f3n a los medios y habilidades para poder adquirir algo del patrimonio universal, como en atenci\u00f3n a su subsistencia y sustento en caso de incapacidad sobreviniente. Pero la sociedad civil arranca al [&hellip;]<\/p>\n","protected":false},"author":1,"featured_media":0,"comment_status":"open","ping_status":"","sticky":false,"template":"","format":"standard","meta":{"footnotes":""},"categories":[],"tags":[51],"class_list":["post-901811","post","type-post","status-publish","format-standard","hentry","tag-realizacion"],"_links":{"self":[{"href":"https:\/\/grundlinien.de\/es\/wp-json\/wp\/v2\/posts\/901811","targetHints":{"allow":["GET"]}}],"collection":[{"href":"https:\/\/grundlinien.de\/es\/wp-json\/wp\/v2\/posts"}],"about":[{"href":"https:\/\/grundlinien.de\/es\/wp-json\/wp\/v2\/types\/post"}],"author":[{"embeddable":true,"href":"https:\/\/grundlinien.de\/es\/wp-json\/wp\/v2\/users\/1"}],"replies":[{"embeddable":true,"href":"https:\/\/grundlinien.de\/es\/wp-json\/wp\/v2\/comments?post=901811"}],"version-history":[{"count":1,"href":"https:\/\/grundlinien.de\/es\/wp-json\/wp\/v2\/posts\/901811\/revisions"}],"predecessor-version":[{"id":901812,"href":"https:\/\/grundlinien.de\/es\/wp-json\/wp\/v2\/posts\/901811\/revisions\/901812"}],"wp:attachment":[{"href":"https:\/\/grundlinien.de\/es\/wp-json\/wp\/v2\/media?parent=901811"}],"wp:term":[{"taxonomy":"category","embeddable":true,"href":"https:\/\/grundlinien.de\/es\/wp-json\/wp\/v2\/categories?post=901811"},{"taxonomy":"post_tag","embeddable":true,"href":"https:\/\/grundlinien.de\/es\/wp-json\/wp\/v2\/tags?post=901811"}],"curies":[{"name":"wp","href":"https:\/\/api.w.org\/{rel}","templated":true}]}}