{"id":901835,"date":"2026-08-29T15:09:44","date_gmt":"2026-08-29T13:09:44","guid":{"rendered":"https:\/\/grundlinien.de\/?p=901835"},"modified":"2026-08-29T15:09:44","modified_gmt":"2026-08-29T13:09:44","slug":"251","status":"publish","type":"post","link":"https:\/\/grundlinien.de\/es\/251\/","title":{"rendered":"\u00a7 251"},"content":{"rendered":"\n<p class=\"wp-block-paragraph\">El sistema del trabajo de la sociedad civil se divide, seg\u00fan la naturaleza de su particularidad, en diversas ramas. En la medida en que tal [elemento] en s\u00ed igual de la particularidad llega a la existencia, como algo <em>com\u00fan<\/em>, en la <em>corporaci\u00f3n<\/em>, el fin <em>ego\u00edsta<\/em>, dirigido a lo particular propio, se concibe y se activa, a la vez, como universal, y el miembro de la sociedad civil es, seg\u00fan su <em>habilidad particular<\/em>, miembro de la corporaci\u00f3n, cuyo fin universal es, con ello, enteramente <em>concreto<\/em>, y no tiene mayor alcance que el que reside en el oficio, la ocupaci\u00f3n e inter\u00e9s propios.<\/p>\n","protected":false},"excerpt":{"rendered":"<p>El sistema del trabajo de la sociedad civil se divide, seg\u00fan la naturaleza de su particularidad, en diversas ramas. En la medida en que tal [elemento] en s\u00ed igual de la particularidad llega a la existencia, como algo com\u00fan, en la corporaci\u00f3n, el fin ego\u00edsta, dirigido a lo particular propio, se concibe y se activa, [&hellip;]<\/p>\n","protected":false},"author":1,"featured_media":0,"comment_status":"open","ping_status":"","sticky":false,"template":"","format":"standard","meta":{"footnotes":""},"categories":[],"tags":[51],"class_list":["post-901835","post","type-post","status-publish","format-standard","hentry","tag-realizacion"],"_links":{"self":[{"href":"https:\/\/grundlinien.de\/es\/wp-json\/wp\/v2\/posts\/901835","targetHints":{"allow":["GET"]}}],"collection":[{"href":"https:\/\/grundlinien.de\/es\/wp-json\/wp\/v2\/posts"}],"about":[{"href":"https:\/\/grundlinien.de\/es\/wp-json\/wp\/v2\/types\/post"}],"author":[{"embeddable":true,"href":"https:\/\/grundlinien.de\/es\/wp-json\/wp\/v2\/users\/1"}],"replies":[{"embeddable":true,"href":"https:\/\/grundlinien.de\/es\/wp-json\/wp\/v2\/comments?post=901835"}],"version-history":[{"count":1,"href":"https:\/\/grundlinien.de\/es\/wp-json\/wp\/v2\/posts\/901835\/revisions"}],"predecessor-version":[{"id":901836,"href":"https:\/\/grundlinien.de\/es\/wp-json\/wp\/v2\/posts\/901835\/revisions\/901836"}],"wp:attachment":[{"href":"https:\/\/grundlinien.de\/es\/wp-json\/wp\/v2\/media?parent=901835"}],"wp:term":[{"taxonomy":"category","embeddable":true,"href":"https:\/\/grundlinien.de\/es\/wp-json\/wp\/v2\/categories?post=901835"},{"taxonomy":"post_tag","embeddable":true,"href":"https:\/\/grundlinien.de\/es\/wp-json\/wp\/v2\/tags?post=901835"}],"curies":[{"name":"wp","href":"https:\/\/api.w.org\/{rel}","templated":true}]}}