{"id":901837,"date":"2026-08-29T15:12:40","date_gmt":"2026-08-29T13:12:40","guid":{"rendered":"https:\/\/grundlinien.de\/?p=901837"},"modified":"2026-08-29T15:12:40","modified_gmt":"2026-08-29T13:12:40","slug":"252","status":"publish","type":"post","link":"https:\/\/grundlinien.de\/es\/252\/","title":{"rendered":"\u00a7 252"},"content":{"rendered":"\n<p class=\"wp-block-paragraph\">La corporaci\u00f3n tiene, seg\u00fan esta determinaci\u00f3n, bajo la vigilancia del poder p\u00fablico, el derecho de ocuparse de sus propios intereses, encerrados dentro de s\u00ed; de admitir miembros, seg\u00fan la cualidad objetiva de su habilidad y rectitud, en un n\u00famero que se determina por la conexi\u00f3n universal; y de cuidar, para los que le pertenecen, la protecci\u00f3n contra las contingencias particulares, as\u00ed como la formaci\u00f3n para la capacidad de serle asignados \u2014 en general, de comportarse hacia ellos como una <em>segunda<\/em> familia, posici\u00f3n que queda m\u00e1s indeterminada para la sociedad civil universal, m\u00e1s alejada de los individuos y de su necesidad particular.<\/p>\n\n\n\n<blockquote class=\"wp-block-quote is-layout-flow wp-block-quote-is-layout-flow\">\n<p class=\"wp-block-paragraph\">El artesano es distinto del jornalero, as\u00ed como de quien est\u00e1 dispuesto a un servicio singular y contingente. Aquel, el <em>maestro<\/em> [o quien quiere llegar a serlo], es miembro de la corporaci\u00f3n no para una adquisici\u00f3n singular contingente, sino para el \u00e1mbito <em>entero<\/em>, lo universal de su subsistencia particular. \u2014 Los <em>privilegios<\/em>, en cuanto derechos de una rama de la sociedad civil comprendida en una corporaci\u00f3n, y los privilegios propiamente dichos seg\u00fan su etimolog\u00eda, se distinguen entre s\u00ed en que estos \u00faltimos son excepciones a la ley universal, seg\u00fan la contingencia, mientras que aquellos son solo determinaciones hechas legales, que residen en la <em>naturaleza de la particularidad<\/em> de una rama esencial de la sociedad misma.<\/p>\n<\/blockquote>\n","protected":false},"excerpt":{"rendered":"<p>La corporaci\u00f3n tiene, seg\u00fan esta determinaci\u00f3n, bajo la vigilancia del poder p\u00fablico, el derecho de ocuparse de sus propios intereses, encerrados dentro de s\u00ed; de admitir miembros, seg\u00fan la cualidad objetiva de su habilidad y rectitud, en un n\u00famero que se determina por la conexi\u00f3n universal; y de cuidar, para los que le pertenecen, la [&hellip;]<\/p>\n","protected":false},"author":1,"featured_media":0,"comment_status":"open","ping_status":"","sticky":false,"template":"","format":"standard","meta":{"footnotes":""},"categories":[],"tags":[51],"class_list":["post-901837","post","type-post","status-publish","format-standard","hentry","tag-realizacion"],"_links":{"self":[{"href":"https:\/\/grundlinien.de\/es\/wp-json\/wp\/v2\/posts\/901837","targetHints":{"allow":["GET"]}}],"collection":[{"href":"https:\/\/grundlinien.de\/es\/wp-json\/wp\/v2\/posts"}],"about":[{"href":"https:\/\/grundlinien.de\/es\/wp-json\/wp\/v2\/types\/post"}],"author":[{"embeddable":true,"href":"https:\/\/grundlinien.de\/es\/wp-json\/wp\/v2\/users\/1"}],"replies":[{"embeddable":true,"href":"https:\/\/grundlinien.de\/es\/wp-json\/wp\/v2\/comments?post=901837"}],"version-history":[{"count":1,"href":"https:\/\/grundlinien.de\/es\/wp-json\/wp\/v2\/posts\/901837\/revisions"}],"predecessor-version":[{"id":901838,"href":"https:\/\/grundlinien.de\/es\/wp-json\/wp\/v2\/posts\/901837\/revisions\/901838"}],"wp:attachment":[{"href":"https:\/\/grundlinien.de\/es\/wp-json\/wp\/v2\/media?parent=901837"}],"wp:term":[{"taxonomy":"category","embeddable":true,"href":"https:\/\/grundlinien.de\/es\/wp-json\/wp\/v2\/categories?post=901837"},{"taxonomy":"post_tag","embeddable":true,"href":"https:\/\/grundlinien.de\/es\/wp-json\/wp\/v2\/tags?post=901837"}],"curies":[{"name":"wp","href":"https:\/\/api.w.org\/{rel}","templated":true}]}}