{"id":901843,"date":"2026-08-29T15:20:57","date_gmt":"2026-08-29T13:20:57","guid":{"rendered":"https:\/\/grundlinien.de\/?p=901843"},"modified":"2026-08-29T15:20:57","modified_gmt":"2026-08-29T13:20:57","slug":"255","status":"publish","type":"post","link":"https:\/\/grundlinien.de\/es\/255\/","title":{"rendered":"\u00a7 255"},"content":{"rendered":"\n<p class=\"wp-block-paragraph\">Junto a la <em>familia<\/em>, la <em>corporaci\u00f3n<\/em> constituye la segunda ra\u00edz <em>\u00e9tica<\/em> del Estado, fundada en la sociedad civil. La primera contiene los momentos de la particularidad subjetiva y la universalidad objetiva en unidad <em>sustancial<\/em>; pero la segunda une, de manera interior, estos momentos, que en un primer momento est\u00e1n escindidos, en la sociedad civil, en la particularidad <em>reflejada en s\u00ed<\/em> de la necesidad y el goce, y en la universalidad jur\u00eddica <em>abstracta<\/em>, de modo que en esta uni\u00f3n el bienestar particular est\u00e1 como derecho, y realizado.<\/p>\n\n\n\n<blockquote class=\"wp-block-quote is-layout-flow wp-block-quote-is-layout-flow\">\n<p class=\"wp-block-paragraph\">La santidad del matrimonio y el honor en la corporaci\u00f3n son los dos momentos en torno a los cuales gira la desorganizaci\u00f3n de la sociedad civil.<\/p>\n<\/blockquote>\n","protected":false},"excerpt":{"rendered":"<p>Junto a la familia, la corporaci\u00f3n constituye la segunda ra\u00edz \u00e9tica del Estado, fundada en la sociedad civil. La primera contiene los momentos de la particularidad subjetiva y la universalidad objetiva en unidad sustancial; pero la segunda une, de manera interior, estos momentos, que en un primer momento est\u00e1n escindidos, en la sociedad civil, en [&hellip;]<\/p>\n","protected":false},"author":1,"featured_media":0,"comment_status":"open","ping_status":"","sticky":false,"template":"","format":"standard","meta":{"footnotes":""},"categories":[],"tags":[50],"class_list":["post-901843","post","type-post","status-publish","format-standard","hentry","tag-concepto"],"_links":{"self":[{"href":"https:\/\/grundlinien.de\/es\/wp-json\/wp\/v2\/posts\/901843","targetHints":{"allow":["GET"]}}],"collection":[{"href":"https:\/\/grundlinien.de\/es\/wp-json\/wp\/v2\/posts"}],"about":[{"href":"https:\/\/grundlinien.de\/es\/wp-json\/wp\/v2\/types\/post"}],"author":[{"embeddable":true,"href":"https:\/\/grundlinien.de\/es\/wp-json\/wp\/v2\/users\/1"}],"replies":[{"embeddable":true,"href":"https:\/\/grundlinien.de\/es\/wp-json\/wp\/v2\/comments?post=901843"}],"version-history":[{"count":1,"href":"https:\/\/grundlinien.de\/es\/wp-json\/wp\/v2\/posts\/901843\/revisions"}],"predecessor-version":[{"id":901844,"href":"https:\/\/grundlinien.de\/es\/wp-json\/wp\/v2\/posts\/901843\/revisions\/901844"}],"wp:attachment":[{"href":"https:\/\/grundlinien.de\/es\/wp-json\/wp\/v2\/media?parent=901843"}],"wp:term":[{"taxonomy":"category","embeddable":true,"href":"https:\/\/grundlinien.de\/es\/wp-json\/wp\/v2\/categories?post=901843"},{"taxonomy":"post_tag","embeddable":true,"href":"https:\/\/grundlinien.de\/es\/wp-json\/wp\/v2\/tags?post=901843"}],"curies":[{"name":"wp","href":"https:\/\/api.w.org\/{rel}","templated":true}]}}