{"id":901845,"date":"2026-08-29T15:23:37","date_gmt":"2026-08-29T13:23:37","guid":{"rendered":"https:\/\/grundlinien.de\/?p=901845"},"modified":"2026-08-29T15:23:37","modified_gmt":"2026-08-29T13:23:37","slug":"256","status":"publish","type":"post","link":"https:\/\/grundlinien.de\/es\/256\/","title":{"rendered":"\u00a7 256"},"content":{"rendered":"\n<p class=\"wp-block-paragraph\">El fin de la corporaci\u00f3n, en cuanto limitado y finito, tiene su verdad \u2014as\u00ed como la separaci\u00f3n presente en la disposici\u00f3n policial exterior, y su identidad relativa\u2014 en el <em>fin universal<\/em> en y para s\u00ed, y en su realidad absoluta; la esfera de la sociedad civil pasa, por ello, al <em>Estado<\/em>.<\/p>\n\n\n\n<blockquote class=\"wp-block-quote is-layout-flow wp-block-quote-is-layout-flow\">\n<p class=\"wp-block-paragraph\">Ciudad y campo \u2014aquella, la sede del oficio civil, de la reflexi\u00f3n que se alza y se singulariza en s\u00ed misma; este, la sede de la eticidad que descansa en la naturaleza\u2014, los individuos que median su autoconservaci\u00f3n en relaci\u00f3n con otras personas jur\u00eddicas, y la familia, constituyen los dos momentos, todav\u00eda ideales en general, de los cuales el Estado surge como su verdadero <em>fundamento<\/em>. \u2014 Este desarrollo de la eticidad inmediata, a trav\u00e9s de la escisi\u00f3n de la sociedad civil, hasta el Estado, que se muestra como su verdadero fundamento, y solo tal desarrollo, es la <em>prueba cient\u00edfica<\/em> del concepto del Estado. \u2014 Porque, en el curso del concepto cient\u00edfico, el Estado aparece como <em>resultado<\/em>, en cuanto resulta ser el fundamento <em>verdadero<\/em>, aquella <em>mediaci\u00f3n<\/em> y aquella apariencia se suprimen igualmente hasta la <em>inmediatez<\/em>. En la realidad, por ello, el <em>Estado<\/em> en general es m\u00e1s bien lo <em>primero<\/em>, dentro del cual la familia se desarrolla primero hasta la sociedad civil, y es la Idea del Estado misma la que se dirime en estos dos momentos; en el desarrollo de la sociedad civil, la sustancia \u00e9tica gana su forma <em>infinita<\/em>, que contiene en s\u00ed ambos momentos: 1. de la <em>distinci\u00f3n<\/em> infinita hasta el <em>ser-en-s\u00ed<\/em> que es para s\u00ed de la autoconciencia, y 2. de la forma de la <em>universalidad<\/em>, que est\u00e1 en la formaci\u00f3n, la forma del <em>pensamiento<\/em>, por la cual el esp\u00edritu es, objetiva y efectivamente, en cuanto totalidad <em>org\u00e1nica<\/em>, en <em>leyes<\/em> e <em>instituciones<\/em>, su voluntad <em>pensada<\/em>.<\/p>\n<\/blockquote>\n","protected":false},"excerpt":{"rendered":"<p>El fin de la corporaci\u00f3n, en cuanto limitado y finito, tiene su verdad \u2014as\u00ed como la separaci\u00f3n presente en la disposici\u00f3n policial exterior, y su identidad relativa\u2014 en el fin universal en y para s\u00ed, y en su realidad absoluta; la esfera de la sociedad civil pasa, por ello, al Estado. Ciudad y campo \u2014aquella, [&hellip;]<\/p>\n","protected":false},"author":1,"featured_media":0,"comment_status":"open","ping_status":"","sticky":false,"template":"","format":"standard","meta":{"footnotes":""},"categories":[],"tags":[52],"class_list":["post-901845","post","type-post","status-publish","format-standard","hentry","tag-transicion"],"_links":{"self":[{"href":"https:\/\/grundlinien.de\/es\/wp-json\/wp\/v2\/posts\/901845","targetHints":{"allow":["GET"]}}],"collection":[{"href":"https:\/\/grundlinien.de\/es\/wp-json\/wp\/v2\/posts"}],"about":[{"href":"https:\/\/grundlinien.de\/es\/wp-json\/wp\/v2\/types\/post"}],"author":[{"embeddable":true,"href":"https:\/\/grundlinien.de\/es\/wp-json\/wp\/v2\/users\/1"}],"replies":[{"embeddable":true,"href":"https:\/\/grundlinien.de\/es\/wp-json\/wp\/v2\/comments?post=901845"}],"version-history":[{"count":1,"href":"https:\/\/grundlinien.de\/es\/wp-json\/wp\/v2\/posts\/901845\/revisions"}],"predecessor-version":[{"id":901846,"href":"https:\/\/grundlinien.de\/es\/wp-json\/wp\/v2\/posts\/901845\/revisions\/901846"}],"wp:attachment":[{"href":"https:\/\/grundlinien.de\/es\/wp-json\/wp\/v2\/media?parent=901845"}],"wp:term":[{"taxonomy":"category","embeddable":true,"href":"https:\/\/grundlinien.de\/es\/wp-json\/wp\/v2\/categories?post=901845"},{"taxonomy":"post_tag","embeddable":true,"href":"https:\/\/grundlinien.de\/es\/wp-json\/wp\/v2\/tags?post=901845"}],"curies":[{"name":"wp","href":"https:\/\/api.w.org\/{rel}","templated":true}]}}