{"id":901855,"date":"2026-08-29T15:36:43","date_gmt":"2026-08-29T13:36:43","guid":{"rendered":"https:\/\/grundlinien.de\/?p=901855"},"modified":"2026-08-29T19:59:33","modified_gmt":"2026-08-29T17:59:33","slug":"262","status":"publish","type":"post","link":"https:\/\/grundlinien.de\/es\/262\/","title":{"rendered":"\u00a7 262"},"content":{"rendered":"\n<p class=\"wp-block-paragraph\">La Idea efectiva, el esp\u00edritu, que se escinde a s\u00ed mismo en las dos esferas ideales de su concepto, la familia y la sociedad civil, como en su finitud, para ser, a partir de la idealidad de estas, esp\u00edritu efectivo infinito para s\u00ed, asigna as\u00ed a estas esferas el material de esta su realidad finita, los individuos como la <em>multitud<\/em>, de modo que esta asignaci\u00f3n aparece, en el singular, <em>mediada<\/em> por las circunstancias, el arbitrio y la elecci\u00f3n propia de su determinaci\u00f3n (<a href=\"https:\/\/grundlinien.de\/es\/185\/\">\u00a7 185<\/a> y la Observaci\u00f3n all\u00ed).<\/p>\n","protected":false},"excerpt":{"rendered":"<p>La Idea efectiva, el esp\u00edritu, que se escinde a s\u00ed mismo en las dos esferas ideales de su concepto, la familia y la sociedad civil, como en su finitud, para ser, a partir de la idealidad de estas, esp\u00edritu efectivo infinito para s\u00ed, asigna as\u00ed a estas esferas el material de esta su realidad finita, [&hellip;]<\/p>\n","protected":false},"author":1,"featured_media":0,"comment_status":"open","ping_status":"","sticky":false,"template":"","format":"standard","meta":{"footnotes":""},"categories":[],"tags":[50],"class_list":["post-901855","post","type-post","status-publish","format-standard","hentry","tag-concepto"],"_links":{"self":[{"href":"https:\/\/grundlinien.de\/es\/wp-json\/wp\/v2\/posts\/901855","targetHints":{"allow":["GET"]}}],"collection":[{"href":"https:\/\/grundlinien.de\/es\/wp-json\/wp\/v2\/posts"}],"about":[{"href":"https:\/\/grundlinien.de\/es\/wp-json\/wp\/v2\/types\/post"}],"author":[{"embeddable":true,"href":"https:\/\/grundlinien.de\/es\/wp-json\/wp\/v2\/users\/1"}],"replies":[{"embeddable":true,"href":"https:\/\/grundlinien.de\/es\/wp-json\/wp\/v2\/comments?post=901855"}],"version-history":[{"count":2,"href":"https:\/\/grundlinien.de\/es\/wp-json\/wp\/v2\/posts\/901855\/revisions"}],"predecessor-version":[{"id":902081,"href":"https:\/\/grundlinien.de\/es\/wp-json\/wp\/v2\/posts\/901855\/revisions\/902081"}],"wp:attachment":[{"href":"https:\/\/grundlinien.de\/es\/wp-json\/wp\/v2\/media?parent=901855"}],"wp:term":[{"taxonomy":"category","embeddable":true,"href":"https:\/\/grundlinien.de\/es\/wp-json\/wp\/v2\/categories?post=901855"},{"taxonomy":"post_tag","embeddable":true,"href":"https:\/\/grundlinien.de\/es\/wp-json\/wp\/v2\/tags?post=901855"}],"curies":[{"name":"wp","href":"https:\/\/api.w.org\/{rel}","templated":true}]}}