{"id":901859,"date":"2026-08-29T15:44:40","date_gmt":"2026-08-29T13:44:40","guid":{"rendered":"https:\/\/grundlinien.de\/?p=901859"},"modified":"2026-08-29T15:44:40","modified_gmt":"2026-08-29T13:44:40","slug":"264","status":"publish","type":"post","link":"https:\/\/grundlinien.de\/es\/264\/","title":{"rendered":"\u00a7 264"},"content":{"rendered":"\n<p class=\"wp-block-paragraph\">Los individuos de la multitud, puesto que son ellos mismos naturalezas espirituales y contienen, por ello, en s\u00ed, el momento duplicado, a saber, el extremo de la <em>singularidad<\/em> que sabe y quiere <em>para s\u00ed<\/em>, y el extremo de la <em>universalidad<\/em> que sabe y quiere lo sustancial, y por ello solo llegan al derecho de estos dos lados en la medida en que son efectivos tanto como personas privadas como personas sustanciales, alcanzan en aquellas esferas, en parte inmediatamente lo primero, en parte lo otro, de modo que en las instituciones, en cuanto lo <em>universal<\/em> en s\u00ed de sus intereses particulares, tienen su autoconciencia esencial, en parte de modo que estas les otorgan una ocupaci\u00f3n y actividad dirigida a un fin universal en la corporaci\u00f3n.<\/p>\n","protected":false},"excerpt":{"rendered":"<p>Los individuos de la multitud, puesto que son ellos mismos naturalezas espirituales y contienen, por ello, en s\u00ed, el momento duplicado, a saber, el extremo de la singularidad que sabe y quiere para s\u00ed, y el extremo de la universalidad que sabe y quiere lo sustancial, y por ello solo llegan al derecho de estos [&hellip;]<\/p>\n","protected":false},"author":1,"featured_media":0,"comment_status":"open","ping_status":"","sticky":false,"template":"","format":"standard","meta":{"footnotes":""},"categories":[],"tags":[50],"class_list":["post-901859","post","type-post","status-publish","format-standard","hentry","tag-concepto"],"_links":{"self":[{"href":"https:\/\/grundlinien.de\/es\/wp-json\/wp\/v2\/posts\/901859","targetHints":{"allow":["GET"]}}],"collection":[{"href":"https:\/\/grundlinien.de\/es\/wp-json\/wp\/v2\/posts"}],"about":[{"href":"https:\/\/grundlinien.de\/es\/wp-json\/wp\/v2\/types\/post"}],"author":[{"embeddable":true,"href":"https:\/\/grundlinien.de\/es\/wp-json\/wp\/v2\/users\/1"}],"replies":[{"embeddable":true,"href":"https:\/\/grundlinien.de\/es\/wp-json\/wp\/v2\/comments?post=901859"}],"version-history":[{"count":1,"href":"https:\/\/grundlinien.de\/es\/wp-json\/wp\/v2\/posts\/901859\/revisions"}],"predecessor-version":[{"id":901860,"href":"https:\/\/grundlinien.de\/es\/wp-json\/wp\/v2\/posts\/901859\/revisions\/901860"}],"wp:attachment":[{"href":"https:\/\/grundlinien.de\/es\/wp-json\/wp\/v2\/media?parent=901859"}],"wp:term":[{"taxonomy":"category","embeddable":true,"href":"https:\/\/grundlinien.de\/es\/wp-json\/wp\/v2\/categories?post=901859"},{"taxonomy":"post_tag","embeddable":true,"href":"https:\/\/grundlinien.de\/es\/wp-json\/wp\/v2\/tags?post=901859"}],"curies":[{"name":"wp","href":"https:\/\/api.w.org\/{rel}","templated":true}]}}