{"id":901861,"date":"2026-08-29T15:46:56","date_gmt":"2026-08-29T13:46:56","guid":{"rendered":"https:\/\/grundlinien.de\/?p=901861"},"modified":"2026-08-29T15:46:56","modified_gmt":"2026-08-29T13:46:56","slug":"265","status":"publish","type":"post","link":"https:\/\/grundlinien.de\/es\/265\/","title":{"rendered":"\u00a7 265"},"content":{"rendered":"\n<p class=\"wp-block-paragraph\">Estas instituciones constituyen la <em>Constituci\u00f3n<\/em>, es decir, la racionalidad <em>desarrollada<\/em> y <em>realizada en lo particular<\/em>, y son, por ello, la base firme del Estado, as\u00ed como de la confianza y la disposici\u00f3n de \u00e1nimo de los individuos hacia \u00e9l, y las columnas fundamentales de la libertad p\u00fablica, puesto que en ellas la libertad particular est\u00e1 realizada y es racional, de modo que en ellas mismas est\u00e1 presente <em>en s\u00ed<\/em> la uni\u00f3n de la libertad y la necesidad.<\/p>\n","protected":false},"excerpt":{"rendered":"<p>Estas instituciones constituyen la Constituci\u00f3n, es decir, la racionalidad desarrollada y realizada en lo particular, y son, por ello, la base firme del Estado, as\u00ed como de la confianza y la disposici\u00f3n de \u00e1nimo de los individuos hacia \u00e9l, y las columnas fundamentales de la libertad p\u00fablica, puesto que en ellas la libertad particular est\u00e1 [&hellip;]<\/p>\n","protected":false},"author":1,"featured_media":0,"comment_status":"open","ping_status":"","sticky":false,"template":"","format":"standard","meta":{"footnotes":""},"categories":[],"tags":[50],"class_list":["post-901861","post","type-post","status-publish","format-standard","hentry","tag-concepto"],"_links":{"self":[{"href":"https:\/\/grundlinien.de\/es\/wp-json\/wp\/v2\/posts\/901861","targetHints":{"allow":["GET"]}}],"collection":[{"href":"https:\/\/grundlinien.de\/es\/wp-json\/wp\/v2\/posts"}],"about":[{"href":"https:\/\/grundlinien.de\/es\/wp-json\/wp\/v2\/types\/post"}],"author":[{"embeddable":true,"href":"https:\/\/grundlinien.de\/es\/wp-json\/wp\/v2\/users\/1"}],"replies":[{"embeddable":true,"href":"https:\/\/grundlinien.de\/es\/wp-json\/wp\/v2\/comments?post=901861"}],"version-history":[{"count":1,"href":"https:\/\/grundlinien.de\/es\/wp-json\/wp\/v2\/posts\/901861\/revisions"}],"predecessor-version":[{"id":901862,"href":"https:\/\/grundlinien.de\/es\/wp-json\/wp\/v2\/posts\/901861\/revisions\/901862"}],"wp:attachment":[{"href":"https:\/\/grundlinien.de\/es\/wp-json\/wp\/v2\/media?parent=901861"}],"wp:term":[{"taxonomy":"category","embeddable":true,"href":"https:\/\/grundlinien.de\/es\/wp-json\/wp\/v2\/categories?post=901861"},{"taxonomy":"post_tag","embeddable":true,"href":"https:\/\/grundlinien.de\/es\/wp-json\/wp\/v2\/tags?post=901861"}],"curies":[{"name":"wp","href":"https:\/\/api.w.org\/{rel}","templated":true}]}}