{"id":901865,"date":"2026-08-29T15:50:39","date_gmt":"2026-08-29T13:50:39","guid":{"rendered":"https:\/\/grundlinien.de\/?p=901865"},"modified":"2026-08-29T15:50:39","modified_gmt":"2026-08-29T13:50:39","slug":"267","status":"publish","type":"post","link":"https:\/\/grundlinien.de\/es\/267\/","title":{"rendered":"\u00a7 267"},"content":{"rendered":"\n<p class=\"wp-block-paragraph\">La <em>necesidad<\/em> en la idealidad es el <em>desarrollo<\/em> de la Idea dentro de s\u00ed misma; es, en cuanto sustancialidad <em>subjetiva<\/em>, la <em>disposici\u00f3n de \u00e1nimo<\/em> pol\u00edtica; en cuanto <em>objetiva<\/em>, en distinci\u00f3n de aquella, el <em>organismo<\/em> del Estado, el Estado propiamente <em>pol\u00edtico<\/em> y <em>su Constituci\u00f3n<\/em>.<\/p>\n","protected":false},"excerpt":{"rendered":"<p>La necesidad en la idealidad es el desarrollo de la Idea dentro de s\u00ed misma; es, en cuanto sustancialidad subjetiva, la disposici\u00f3n de \u00e1nimo pol\u00edtica; en cuanto objetiva, en distinci\u00f3n de aquella, el organismo del Estado, el Estado propiamente pol\u00edtico y su Constituci\u00f3n.<\/p>\n","protected":false},"author":1,"featured_media":0,"comment_status":"open","ping_status":"","sticky":false,"template":"","format":"standard","meta":{"footnotes":""},"categories":[],"tags":[50],"class_list":["post-901865","post","type-post","status-publish","format-standard","hentry","tag-concepto"],"_links":{"self":[{"href":"https:\/\/grundlinien.de\/es\/wp-json\/wp\/v2\/posts\/901865","targetHints":{"allow":["GET"]}}],"collection":[{"href":"https:\/\/grundlinien.de\/es\/wp-json\/wp\/v2\/posts"}],"about":[{"href":"https:\/\/grundlinien.de\/es\/wp-json\/wp\/v2\/types\/post"}],"author":[{"embeddable":true,"href":"https:\/\/grundlinien.de\/es\/wp-json\/wp\/v2\/users\/1"}],"replies":[{"embeddable":true,"href":"https:\/\/grundlinien.de\/es\/wp-json\/wp\/v2\/comments?post=901865"}],"version-history":[{"count":1,"href":"https:\/\/grundlinien.de\/es\/wp-json\/wp\/v2\/posts\/901865\/revisions"}],"predecessor-version":[{"id":901866,"href":"https:\/\/grundlinien.de\/es\/wp-json\/wp\/v2\/posts\/901865\/revisions\/901866"}],"wp:attachment":[{"href":"https:\/\/grundlinien.de\/es\/wp-json\/wp\/v2\/media?parent=901865"}],"wp:term":[{"taxonomy":"category","embeddable":true,"href":"https:\/\/grundlinien.de\/es\/wp-json\/wp\/v2\/categories?post=901865"},{"taxonomy":"post_tag","embeddable":true,"href":"https:\/\/grundlinien.de\/es\/wp-json\/wp\/v2\/tags?post=901865"}],"curies":[{"name":"wp","href":"https:\/\/api.w.org\/{rel}","templated":true}]}}