{"id":901871,"date":"2026-08-29T15:56:59","date_gmt":"2026-08-29T13:56:59","guid":{"rendered":"https:\/\/grundlinien.de\/?p=901871"},"modified":"2026-08-29T15:56:59","modified_gmt":"2026-08-29T13:56:59","slug":"271","status":"publish","type":"post","link":"https:\/\/grundlinien.de\/es\/271\/","title":{"rendered":"\u00a7 271"},"content":{"rendered":"\n<p class=\"wp-block-paragraph\">La Constituci\u00f3n pol\u00edtica es, <em>en primer lugar<\/em>: la organizaci\u00f3n del Estado y el proceso de su vida org\u00e1nica <em>en relaci\u00f3n consigo mismo<\/em>, en la cual distingue sus momentos dentro de s\u00ed mismo y los despliega hasta el <em>subsistir<\/em>. <em>En segundo lugar<\/em>, es, como individualidad, un Uno <em>excluyente<\/em>, que se comporta as\u00ed hacia <em>otros<\/em>, y vuelve, por tanto, su distinci\u00f3n <em>hacia afuera<\/em>, y, seg\u00fan esta determinaci\u00f3n, pone sus diferencias subsistentes dentro de s\u00ed mismo en su <em>idealidad<\/em>.<\/p>\n","protected":false},"excerpt":{"rendered":"<p>La Constituci\u00f3n pol\u00edtica es, en primer lugar: la organizaci\u00f3n del Estado y el proceso de su vida org\u00e1nica en relaci\u00f3n consigo mismo, en la cual distingue sus momentos dentro de s\u00ed mismo y los despliega hasta el subsistir. En segundo lugar, es, como individualidad, un Uno excluyente, que se comporta as\u00ed hacia otros, y vuelve, [&hellip;]<\/p>\n","protected":false},"author":1,"featured_media":0,"comment_status":"open","ping_status":"","sticky":false,"template":"","format":"standard","meta":{"footnotes":""},"categories":[],"tags":[50],"class_list":["post-901871","post","type-post","status-publish","format-standard","hentry","tag-concepto"],"_links":{"self":[{"href":"https:\/\/grundlinien.de\/es\/wp-json\/wp\/v2\/posts\/901871","targetHints":{"allow":["GET"]}}],"collection":[{"href":"https:\/\/grundlinien.de\/es\/wp-json\/wp\/v2\/posts"}],"about":[{"href":"https:\/\/grundlinien.de\/es\/wp-json\/wp\/v2\/types\/post"}],"author":[{"embeddable":true,"href":"https:\/\/grundlinien.de\/es\/wp-json\/wp\/v2\/users\/1"}],"replies":[{"embeddable":true,"href":"https:\/\/grundlinien.de\/es\/wp-json\/wp\/v2\/comments?post=901871"}],"version-history":[{"count":1,"href":"https:\/\/grundlinien.de\/es\/wp-json\/wp\/v2\/posts\/901871\/revisions"}],"predecessor-version":[{"id":901872,"href":"https:\/\/grundlinien.de\/es\/wp-json\/wp\/v2\/posts\/901871\/revisions\/901872"}],"wp:attachment":[{"href":"https:\/\/grundlinien.de\/es\/wp-json\/wp\/v2\/media?parent=901871"}],"wp:term":[{"taxonomy":"category","embeddable":true,"href":"https:\/\/grundlinien.de\/es\/wp-json\/wp\/v2\/categories?post=901871"},{"taxonomy":"post_tag","embeddable":true,"href":"https:\/\/grundlinien.de\/es\/wp-json\/wp\/v2\/tags?post=901871"}],"curies":[{"name":"wp","href":"https:\/\/api.w.org\/{rel}","templated":true}]}}