{"id":901875,"date":"2026-08-29T16:02:11","date_gmt":"2026-08-29T14:02:11","guid":{"rendered":"https:\/\/grundlinien.de\/?p=901875"},"modified":"2026-08-29T16:02:11","modified_gmt":"2026-08-29T14:02:11","slug":"274","status":"publish","type":"post","link":"https:\/\/grundlinien.de\/es\/274\/","title":{"rendered":"\u00a7 274"},"content":{"rendered":"\n<p class=\"wp-block-paragraph\">Puesto que el esp\u00edritu solo es efectivo como aquello que se sabe a s\u00ed mismo, y el Estado, en cuanto esp\u00edritu de un pueblo, es a la vez la ley, la costumbre y la conciencia de sus individuos, que <em>penetra todas sus relaciones<\/em>, la Constituci\u00f3n de un pueblo determinado depende, en general, del modo y la formaci\u00f3n de su autoconciencia; en esta reside su libertad subjetiva, y con ello la realidad de la Constituci\u00f3n.<\/p>\n\n\n\n<blockquote class=\"wp-block-quote is-layout-flow wp-block-quote-is-layout-flow\">\n<p class=\"wp-block-paragraph\">Querer dar a un pueblo, a priori, una Constituci\u00f3n, aunque sea m\u00e1s o menos racional seg\u00fan su contenido \u2014 esta ocurrencia pasar\u00eda por alto precisamente el momento por el cual ser\u00eda m\u00e1s que una cosa de pensamiento. Cada pueblo tiene, por ello, la Constituci\u00f3n que le es adecuada y que le corresponde.<\/p>\n<\/blockquote>\n","protected":false},"excerpt":{"rendered":"<p>Puesto que el esp\u00edritu solo es efectivo como aquello que se sabe a s\u00ed mismo, y el Estado, en cuanto esp\u00edritu de un pueblo, es a la vez la ley, la costumbre y la conciencia de sus individuos, que penetra todas sus relaciones, la Constituci\u00f3n de un pueblo determinado depende, en general, del modo y [&hellip;]<\/p>\n","protected":false},"author":1,"featured_media":0,"comment_status":"open","ping_status":"","sticky":false,"template":"","format":"standard","meta":{"footnotes":""},"categories":[],"tags":[50],"class_list":["post-901875","post","type-post","status-publish","format-standard","hentry","tag-concepto"],"_links":{"self":[{"href":"https:\/\/grundlinien.de\/es\/wp-json\/wp\/v2\/posts\/901875","targetHints":{"allow":["GET"]}}],"collection":[{"href":"https:\/\/grundlinien.de\/es\/wp-json\/wp\/v2\/posts"}],"about":[{"href":"https:\/\/grundlinien.de\/es\/wp-json\/wp\/v2\/types\/post"}],"author":[{"embeddable":true,"href":"https:\/\/grundlinien.de\/es\/wp-json\/wp\/v2\/users\/1"}],"replies":[{"embeddable":true,"href":"https:\/\/grundlinien.de\/es\/wp-json\/wp\/v2\/comments?post=901875"}],"version-history":[{"count":1,"href":"https:\/\/grundlinien.de\/es\/wp-json\/wp\/v2\/posts\/901875\/revisions"}],"predecessor-version":[{"id":901876,"href":"https:\/\/grundlinien.de\/es\/wp-json\/wp\/v2\/posts\/901875\/revisions\/901876"}],"wp:attachment":[{"href":"https:\/\/grundlinien.de\/es\/wp-json\/wp\/v2\/media?parent=901875"}],"wp:term":[{"taxonomy":"category","embeddable":true,"href":"https:\/\/grundlinien.de\/es\/wp-json\/wp\/v2\/categories?post=901875"},{"taxonomy":"post_tag","embeddable":true,"href":"https:\/\/grundlinien.de\/es\/wp-json\/wp\/v2\/tags?post=901875"}],"curies":[{"name":"wp","href":"https:\/\/api.w.org\/{rel}","templated":true}]}}