{"id":901877,"date":"2026-08-29T16:05:01","date_gmt":"2026-08-29T14:05:01","guid":{"rendered":"https:\/\/grundlinien.de\/?p=901877"},"modified":"2026-08-29T19:59:25","modified_gmt":"2026-08-29T17:59:25","slug":"275","status":"publish","type":"post","link":"https:\/\/grundlinien.de\/es\/275\/","title":{"rendered":"\u00a7 275"},"content":{"rendered":"\n<p class=\"wp-block-paragraph\"><strong>a. El poder principesco<\/strong><\/p>\n\n\n\n<p class=\"wp-block-paragraph\">El poder principesco contiene en s\u00ed mismo los tres momentos de la totalidad (<a href=\"https:\/\/grundlinien.de\/es\/272\/\">\u00a7 272<\/a>): la <em>universalidad<\/em> de la Constituci\u00f3n y de las leyes, la deliberaci\u00f3n en cuanto relaci\u00f3n de lo <em>particular<\/em> con lo universal, y el momento de la <em>decisi\u00f3n<\/em> \u00faltima, en cuanto <em>autodeterminaci\u00f3n<\/em>, a la cual retorna todo lo dem\u00e1s, y de la cual toma el comienzo de la realidad. Esta autodeterminaci\u00f3n absoluta constituye el principio distintivo del poder principesco como tal, el cual ha de desarrollarse en primer lugar.<\/p>\n","protected":false},"excerpt":{"rendered":"<p>a. El poder principesco El poder principesco contiene en s\u00ed mismo los tres momentos de la totalidad (\u00a7 272): la universalidad de la Constituci\u00f3n y de las leyes, la deliberaci\u00f3n en cuanto relaci\u00f3n de lo particular con lo universal, y el momento de la decisi\u00f3n \u00faltima, en cuanto autodeterminaci\u00f3n, a la cual retorna todo lo [&hellip;]<\/p>\n","protected":false},"author":1,"featured_media":0,"comment_status":"open","ping_status":"","sticky":false,"template":"","format":"standard","meta":{"footnotes":""},"categories":[],"tags":[50],"class_list":["post-901877","post","type-post","status-publish","format-standard","hentry","tag-concepto"],"_links":{"self":[{"href":"https:\/\/grundlinien.de\/es\/wp-json\/wp\/v2\/posts\/901877","targetHints":{"allow":["GET"]}}],"collection":[{"href":"https:\/\/grundlinien.de\/es\/wp-json\/wp\/v2\/posts"}],"about":[{"href":"https:\/\/grundlinien.de\/es\/wp-json\/wp\/v2\/types\/post"}],"author":[{"embeddable":true,"href":"https:\/\/grundlinien.de\/es\/wp-json\/wp\/v2\/users\/1"}],"replies":[{"embeddable":true,"href":"https:\/\/grundlinien.de\/es\/wp-json\/wp\/v2\/comments?post=901877"}],"version-history":[{"count":2,"href":"https:\/\/grundlinien.de\/es\/wp-json\/wp\/v2\/posts\/901877\/revisions"}],"predecessor-version":[{"id":902078,"href":"https:\/\/grundlinien.de\/es\/wp-json\/wp\/v2\/posts\/901877\/revisions\/902078"}],"wp:attachment":[{"href":"https:\/\/grundlinien.de\/es\/wp-json\/wp\/v2\/media?parent=901877"}],"wp:term":[{"taxonomy":"category","embeddable":true,"href":"https:\/\/grundlinien.de\/es\/wp-json\/wp\/v2\/categories?post=901877"},{"taxonomy":"post_tag","embeddable":true,"href":"https:\/\/grundlinien.de\/es\/wp-json\/wp\/v2\/tags?post=901877"}],"curies":[{"name":"wp","href":"https:\/\/api.w.org\/{rel}","templated":true}]}}