{"id":901881,"date":"2026-08-29T16:10:37","date_gmt":"2026-08-29T14:10:37","guid":{"rendered":"https:\/\/grundlinien.de\/?p=901881"},"modified":"2026-08-29T16:10:37","modified_gmt":"2026-08-29T14:10:37","slug":"277","status":"publish","type":"post","link":"https:\/\/grundlinien.de\/es\/277\/","title":{"rendered":"\u00a7 277"},"content":{"rendered":"\n<p class=\"wp-block-paragraph\">\u03b2) Las ocupaciones y actividades particulares del Estado, en cuanto momentos esenciales de este, le son <em>propias<\/em>, y est\u00e1n vinculadas a los <em>individuos<\/em> por medio de los cuales son manejadas y ejercidas, no seg\u00fan la personalidad inmediata de estos, sino solo seg\u00fan sus cualidades universales y objetivas, y por ello unidas a la personalidad particular como tal de un modo exterior y contingente. Las ocupaciones y poderes del Estado no pueden, por ello, ser <em>propiedad privada<\/em>.<\/p>\n","protected":false},"excerpt":{"rendered":"<p>\u03b2) Las ocupaciones y actividades particulares del Estado, en cuanto momentos esenciales de este, le son propias, y est\u00e1n vinculadas a los individuos por medio de los cuales son manejadas y ejercidas, no seg\u00fan la personalidad inmediata de estos, sino solo seg\u00fan sus cualidades universales y objetivas, y por ello unidas a la personalidad particular [&hellip;]<\/p>\n","protected":false},"author":1,"featured_media":0,"comment_status":"open","ping_status":"","sticky":false,"template":"","format":"standard","meta":{"footnotes":""},"categories":[],"tags":[50],"class_list":["post-901881","post","type-post","status-publish","format-standard","hentry","tag-concepto"],"_links":{"self":[{"href":"https:\/\/grundlinien.de\/es\/wp-json\/wp\/v2\/posts\/901881","targetHints":{"allow":["GET"]}}],"collection":[{"href":"https:\/\/grundlinien.de\/es\/wp-json\/wp\/v2\/posts"}],"about":[{"href":"https:\/\/grundlinien.de\/es\/wp-json\/wp\/v2\/types\/post"}],"author":[{"embeddable":true,"href":"https:\/\/grundlinien.de\/es\/wp-json\/wp\/v2\/users\/1"}],"replies":[{"embeddable":true,"href":"https:\/\/grundlinien.de\/es\/wp-json\/wp\/v2\/comments?post=901881"}],"version-history":[{"count":1,"href":"https:\/\/grundlinien.de\/es\/wp-json\/wp\/v2\/posts\/901881\/revisions"}],"predecessor-version":[{"id":901882,"href":"https:\/\/grundlinien.de\/es\/wp-json\/wp\/v2\/posts\/901881\/revisions\/901882"}],"wp:attachment":[{"href":"https:\/\/grundlinien.de\/es\/wp-json\/wp\/v2\/media?parent=901881"}],"wp:term":[{"taxonomy":"category","embeddable":true,"href":"https:\/\/grundlinien.de\/es\/wp-json\/wp\/v2\/categories?post=901881"},{"taxonomy":"post_tag","embeddable":true,"href":"https:\/\/grundlinien.de\/es\/wp-json\/wp\/v2\/tags?post=901881"}],"curies":[{"name":"wp","href":"https:\/\/api.w.org\/{rel}","templated":true}]}}