{"id":901897,"date":"2026-08-29T16:47:23","date_gmt":"2026-08-29T14:47:23","guid":{"rendered":"https:\/\/grundlinien.de\/?p=901897"},"modified":"2026-08-29T16:47:23","modified_gmt":"2026-08-29T14:47:23","slug":"285","status":"publish","type":"post","link":"https:\/\/grundlinien.de\/es\/285\/","title":{"rendered":"\u00a7 285"},"content":{"rendered":"\n<p class=\"wp-block-paragraph\">El <em>tercer<\/em> momento del poder principesco ata\u00f1e a lo universal en y para s\u00ed, que, en atenci\u00f3n subjetiva, consiste en la <em>conciencia moral<\/em> del <em>monarca<\/em>, y, en atenci\u00f3n objetiva, en el <em>conjunto<\/em> de la <em>Constituci\u00f3n<\/em> y en las <em>leyes<\/em>; el poder principesco presupone, en esa medida, los dem\u00e1s momentos, as\u00ed como cada uno de estos lo presupone a \u00e9l.<\/p>\n","protected":false},"excerpt":{"rendered":"<p>El tercer momento del poder principesco ata\u00f1e a lo universal en y para s\u00ed, que, en atenci\u00f3n subjetiva, consiste en la conciencia moral del monarca, y, en atenci\u00f3n objetiva, en el conjunto de la Constituci\u00f3n y en las leyes; el poder principesco presupone, en esa medida, los dem\u00e1s momentos, as\u00ed como cada uno de estos [&hellip;]<\/p>\n","protected":false},"author":1,"featured_media":0,"comment_status":"open","ping_status":"","sticky":false,"template":"","format":"standard","meta":{"footnotes":""},"categories":[],"tags":[50],"class_list":["post-901897","post","type-post","status-publish","format-standard","hentry","tag-concepto"],"_links":{"self":[{"href":"https:\/\/grundlinien.de\/es\/wp-json\/wp\/v2\/posts\/901897","targetHints":{"allow":["GET"]}}],"collection":[{"href":"https:\/\/grundlinien.de\/es\/wp-json\/wp\/v2\/posts"}],"about":[{"href":"https:\/\/grundlinien.de\/es\/wp-json\/wp\/v2\/types\/post"}],"author":[{"embeddable":true,"href":"https:\/\/grundlinien.de\/es\/wp-json\/wp\/v2\/users\/1"}],"replies":[{"embeddable":true,"href":"https:\/\/grundlinien.de\/es\/wp-json\/wp\/v2\/comments?post=901897"}],"version-history":[{"count":1,"href":"https:\/\/grundlinien.de\/es\/wp-json\/wp\/v2\/posts\/901897\/revisions"}],"predecessor-version":[{"id":901898,"href":"https:\/\/grundlinien.de\/es\/wp-json\/wp\/v2\/posts\/901897\/revisions\/901898"}],"wp:attachment":[{"href":"https:\/\/grundlinien.de\/es\/wp-json\/wp\/v2\/media?parent=901897"}],"wp:term":[{"taxonomy":"category","embeddable":true,"href":"https:\/\/grundlinien.de\/es\/wp-json\/wp\/v2\/categories?post=901897"},{"taxonomy":"post_tag","embeddable":true,"href":"https:\/\/grundlinien.de\/es\/wp-json\/wp\/v2\/tags?post=901897"}],"curies":[{"name":"wp","href":"https:\/\/api.w.org\/{rel}","templated":true}]}}