{"id":901903,"date":"2026-08-29T17:03:42","date_gmt":"2026-08-29T15:03:42","guid":{"rendered":"https:\/\/grundlinien.de\/?p=901903"},"modified":"2026-08-29T19:59:15","modified_gmt":"2026-08-29T17:59:15","slug":"288","status":"publish","type":"post","link":"https:\/\/grundlinien.de\/es\/288\/","title":{"rendered":"\u00a7 288"},"content":{"rendered":"\n<p class=\"wp-block-paragraph\">Los intereses <em>particulares<\/em> comunitarios que caen en la sociedad civil, y que est\u00e1n fuera de lo universal en y para s\u00ed del Estado mismo (<a href=\"https:\/\/grundlinien.de\/es\/256\/\">\u00a7 256<\/a>), tienen su administraci\u00f3n en las corporaciones (<a href=\"https:\/\/grundlinien.de\/es\/251\/\">\u00a7 251<\/a>) de los municipios y de los dem\u00e1s oficios y estamentos, y en sus autoridades, superiores, administradores, y similares. En la medida en que estos asuntos que ellos atienden son, por un lado, <em>propiedad privada<\/em> e <em>inter\u00e9s<\/em> de estas esferas <em>particulares<\/em>, y su autoridad descansa, seg\u00fan este lado, tambi\u00e9n en la confianza de sus compa\u00f1eros de estamento y de las ciudadan\u00edas, y, por otro lado, estos c\u00edrculos deben estar subordinados a los intereses superiores del Estado, resultar\u00e1, en general, para la provisi\u00f3n de estos cargos, una mezcla de elecci\u00f3n com\u00fan de estos interesados y de una confirmaci\u00f3n y determinaci\u00f3n superior.<\/p>\n","protected":false},"excerpt":{"rendered":"<p>Los intereses particulares comunitarios que caen en la sociedad civil, y que est\u00e1n fuera de lo universal en y para s\u00ed del Estado mismo (\u00a7 256), tienen su administraci\u00f3n en las corporaciones (\u00a7 251) de los municipios y de los dem\u00e1s oficios y estamentos, y en sus autoridades, superiores, administradores, y similares. En la medida [&hellip;]<\/p>\n","protected":false},"author":1,"featured_media":0,"comment_status":"open","ping_status":"","sticky":false,"template":"","format":"standard","meta":{"footnotes":""},"categories":[],"tags":[51],"class_list":["post-901903","post","type-post","status-publish","format-standard","hentry","tag-realizacion"],"_links":{"self":[{"href":"https:\/\/grundlinien.de\/es\/wp-json\/wp\/v2\/posts\/901903","targetHints":{"allow":["GET"]}}],"collection":[{"href":"https:\/\/grundlinien.de\/es\/wp-json\/wp\/v2\/posts"}],"about":[{"href":"https:\/\/grundlinien.de\/es\/wp-json\/wp\/v2\/types\/post"}],"author":[{"embeddable":true,"href":"https:\/\/grundlinien.de\/es\/wp-json\/wp\/v2\/users\/1"}],"replies":[{"embeddable":true,"href":"https:\/\/grundlinien.de\/es\/wp-json\/wp\/v2\/comments?post=901903"}],"version-history":[{"count":2,"href":"https:\/\/grundlinien.de\/es\/wp-json\/wp\/v2\/posts\/901903\/revisions"}],"predecessor-version":[{"id":902074,"href":"https:\/\/grundlinien.de\/es\/wp-json\/wp\/v2\/posts\/901903\/revisions\/902074"}],"wp:attachment":[{"href":"https:\/\/grundlinien.de\/es\/wp-json\/wp\/v2\/media?parent=901903"}],"wp:term":[{"taxonomy":"category","embeddable":true,"href":"https:\/\/grundlinien.de\/es\/wp-json\/wp\/v2\/categories?post=901903"},{"taxonomy":"post_tag","embeddable":true,"href":"https:\/\/grundlinien.de\/es\/wp-json\/wp\/v2\/tags?post=901903"}],"curies":[{"name":"wp","href":"https:\/\/api.w.org\/{rel}","templated":true}]}}