{"id":901905,"date":"2026-08-29T17:08:58","date_gmt":"2026-08-29T15:08:58","guid":{"rendered":"https:\/\/grundlinien.de\/?p=901905"},"modified":"2026-08-29T17:08:58","modified_gmt":"2026-08-29T15:08:58","slug":"289","status":"publish","type":"post","link":"https:\/\/grundlinien.de\/es\/289\/","title":{"rendered":"\u00a7 289"},"content":{"rendered":"\n<p class=\"wp-block-paragraph\">El <em>mantenimiento del inter\u00e9s universal del Estado<\/em> y de lo <em>legal<\/em> en estos derechos particulares, y la reconducci\u00f3n de estos a aquel, requiere una atenci\u00f3n por medio de delegados del poder de gobierno, los <em>funcionarios<\/em> ejecutivos del Estado, y las instancias consultivas superiores, en la medida en que est\u00e1n constituidas colegialmente, que confluyen en las cimas supremas que tocan al monarca.<\/p>\n\n\n\n<blockquote class=\"wp-block-quote is-layout-flow wp-block-quote-is-layout-flow\">\n<p class=\"wp-block-paragraph\">As\u00ed como la sociedad civil es el campo de batalla del inter\u00e9s privado individual de todos contra todos, as\u00ed tiene aqu\u00ed su sede el conflicto de este contra los asuntos particulares comunitarios, y este junto con aquel contra los puntos de vista y disposiciones superiores del Estado. El esp\u00edritu de corporaci\u00f3n, que se genera en la legitimaci\u00f3n de las esferas particulares, se convierte a la vez, en s\u00ed mismo, en el esp\u00edritu del Estado, en la medida en que tiene en el Estado el medio de la conservaci\u00f3n de los fines particulares. Este es el secreto del patriotismo de los ciudadanos seg\u00fan este lado: que saben al Estado como su sustancia, porque este conserva sus esferas particulares, la legitimaci\u00f3n y autoridad de estas, as\u00ed como su bienestar. En el esp\u00edritu de corporaci\u00f3n, puesto que contiene <em>inmediatamente<\/em> el enraizamiento de lo particular en lo universal, reside, en esa medida, la profundidad y la fuerza del Estado que este tiene en la <em>disposici\u00f3n de \u00e1nimo<\/em>.\n\nLa administraci\u00f3n de los asuntos de corporaci\u00f3n por sus propios superiores ser\u00e1, con frecuencia, torpe, puesto que estos, aunque conocen y tienen ante s\u00ed sus intereses y asuntos propios, conocen de modo m\u00e1s incompleto la conexi\u00f3n de las condiciones m\u00e1s lejanas y los puntos de vista universales \u2014 adem\u00e1s de que otras circunstancias contribuyen a ello, por ejemplo, el contacto privado cercano y la igualdad por lo dem\u00e1s de los superiores con quienes deben estar subordinados a ellos, su dependencia m\u00e1s diversa, etc. Pero esta esfera propia puede considerarse como entregada al momento de la <em>libertad formal<\/em>, donde el propio conocer, decidir y ejecutar, as\u00ed como las peque\u00f1as pasiones e imaginaciones, tienen un campo de recreo donde desenvolverse \u2014 y esto tanto m\u00e1s cuanto menos importancia tenga para lo m\u00e1s universal del Estado el contenido del asunto que, por ello, se atiende de manera arruinada, menos buena, m\u00e1s penosa, etc., y cuanto m\u00e1s est\u00e9 la atenci\u00f3n penosa o necia de tal asunto insignificante en relaci\u00f3n directa con la satisfacci\u00f3n y la opini\u00f3n de s\u00ed mismo que de ella se extrae.<\/p>\n<\/blockquote>\n","protected":false},"excerpt":{"rendered":"<p>El mantenimiento del inter\u00e9s universal del Estado y de lo legal en estos derechos particulares, y la reconducci\u00f3n de estos a aquel, requiere una atenci\u00f3n por medio de delegados del poder de gobierno, los funcionarios ejecutivos del Estado, y las instancias consultivas superiores, en la medida en que est\u00e1n constituidas colegialmente, que confluyen en las [&hellip;]<\/p>\n","protected":false},"author":1,"featured_media":0,"comment_status":"open","ping_status":"","sticky":false,"template":"","format":"standard","meta":{"footnotes":""},"categories":[],"tags":[51],"class_list":["post-901905","post","type-post","status-publish","format-standard","hentry","tag-realizacion"],"_links":{"self":[{"href":"https:\/\/grundlinien.de\/es\/wp-json\/wp\/v2\/posts\/901905","targetHints":{"allow":["GET"]}}],"collection":[{"href":"https:\/\/grundlinien.de\/es\/wp-json\/wp\/v2\/posts"}],"about":[{"href":"https:\/\/grundlinien.de\/es\/wp-json\/wp\/v2\/types\/post"}],"author":[{"embeddable":true,"href":"https:\/\/grundlinien.de\/es\/wp-json\/wp\/v2\/users\/1"}],"replies":[{"embeddable":true,"href":"https:\/\/grundlinien.de\/es\/wp-json\/wp\/v2\/comments?post=901905"}],"version-history":[{"count":1,"href":"https:\/\/grundlinien.de\/es\/wp-json\/wp\/v2\/posts\/901905\/revisions"}],"predecessor-version":[{"id":901906,"href":"https:\/\/grundlinien.de\/es\/wp-json\/wp\/v2\/posts\/901905\/revisions\/901906"}],"wp:attachment":[{"href":"https:\/\/grundlinien.de\/es\/wp-json\/wp\/v2\/media?parent=901905"}],"wp:term":[{"taxonomy":"category","embeddable":true,"href":"https:\/\/grundlinien.de\/es\/wp-json\/wp\/v2\/categories?post=901905"},{"taxonomy":"post_tag","embeddable":true,"href":"https:\/\/grundlinien.de\/es\/wp-json\/wp\/v2\/tags?post=901905"}],"curies":[{"name":"wp","href":"https:\/\/api.w.org\/{rel}","templated":true}]}}