{"id":901910,"date":"2026-08-29T17:32:59","date_gmt":"2026-08-29T15:32:59","guid":{"rendered":"https:\/\/grundlinien.de\/?p=901910"},"modified":"2026-08-29T19:59:11","modified_gmt":"2026-08-29T17:59:11","slug":"291","status":"publish","type":"post","link":"https:\/\/grundlinien.de\/es\/291\/","title":{"rendered":"291"},"content":{"rendered":"\n<p class=\"wp-block-paragraph\">Los negocios de gobierno son de naturaleza <em>objetiva<\/em>, ya decidida para s\u00ed seg\u00fan su sustancia (<a href=\"https:\/\/grundlinien.de\/es\/287\/\">\u00a7 287<\/a>), y han de ser cumplidos y realizados por <em>individuos<\/em>. Entre ambos no hay ninguna vinculaci\u00f3n natural inmediata; los individuos no est\u00e1n, por ello, determinados a ello por la personalidad natural y el nacimiento. Para su determinaci\u00f3n a estos cargos, el momento objetivo es el conocimiento y la prueba de su aptitud \u2014 una prueba que asegura al Estado su necesidad y, como \u00fanica condici\u00f3n, a la vez a cada ciudadano la posibilidad de dedicarse al estamento universal.<\/p>\n","protected":false},"excerpt":{"rendered":"<p>Los negocios de gobierno son de naturaleza objetiva, ya decidida para s\u00ed seg\u00fan su sustancia (\u00a7 287), y han de ser cumplidos y realizados por individuos. Entre ambos no hay ninguna vinculaci\u00f3n natural inmediata; los individuos no est\u00e1n, por ello, determinados a ello por la personalidad natural y el nacimiento. Para su determinaci\u00f3n a estos [&hellip;]<\/p>\n","protected":false},"author":1,"featured_media":0,"comment_status":"open","ping_status":"","sticky":false,"template":"","format":"standard","meta":{"footnotes":""},"categories":[],"tags":[51],"class_list":["post-901910","post","type-post","status-publish","format-standard","hentry","tag-realizacion"],"_links":{"self":[{"href":"https:\/\/grundlinien.de\/es\/wp-json\/wp\/v2\/posts\/901910","targetHints":{"allow":["GET"]}}],"collection":[{"href":"https:\/\/grundlinien.de\/es\/wp-json\/wp\/v2\/posts"}],"about":[{"href":"https:\/\/grundlinien.de\/es\/wp-json\/wp\/v2\/types\/post"}],"author":[{"embeddable":true,"href":"https:\/\/grundlinien.de\/es\/wp-json\/wp\/v2\/users\/1"}],"replies":[{"embeddable":true,"href":"https:\/\/grundlinien.de\/es\/wp-json\/wp\/v2\/comments?post=901910"}],"version-history":[{"count":2,"href":"https:\/\/grundlinien.de\/es\/wp-json\/wp\/v2\/posts\/901910\/revisions"}],"predecessor-version":[{"id":902072,"href":"https:\/\/grundlinien.de\/es\/wp-json\/wp\/v2\/posts\/901910\/revisions\/902072"}],"wp:attachment":[{"href":"https:\/\/grundlinien.de\/es\/wp-json\/wp\/v2\/media?parent=901910"}],"wp:term":[{"taxonomy":"category","embeddable":true,"href":"https:\/\/grundlinien.de\/es\/wp-json\/wp\/v2\/categories?post=901910"},{"taxonomy":"post_tag","embeddable":true,"href":"https:\/\/grundlinien.de\/es\/wp-json\/wp\/v2\/tags?post=901910"}],"curies":[{"name":"wp","href":"https:\/\/api.w.org\/{rel}","templated":true}]}}