{"id":901912,"date":"2026-08-29T17:36:53","date_gmt":"2026-08-29T15:36:53","guid":{"rendered":"https:\/\/grundlinien.de\/?p=901912"},"modified":"2026-08-29T17:36:53","modified_gmt":"2026-08-29T15:36:53","slug":"292","status":"publish","type":"post","link":"https:\/\/grundlinien.de\/es\/292\/","title":{"rendered":"292"},"content":{"rendered":"\n<p class=\"wp-block-paragraph\">El lado subjetivo, de que <em>este<\/em> individuo, de entre varios de los cuales, puesto que aqu\u00ed lo objetivo no reside (como, por ejemplo, en el arte) en la genialidad, hay necesariamente, de manera indeterminada, <em>varios<\/em>, entre los cuales la preferencia no es nada absolutamente determinable, sea elegido y nombrado para un cargo, y facultado para la conducci\u00f3n del negocio p\u00fablico \u2014 esta vinculaci\u00f3n del individuo y el cargo, como dos lados para s\u00ed siempre contingentes entre s\u00ed, corresponde al poder principesco, en cuanto poder estatal decisorio y soberano.<\/p>\n","protected":false},"excerpt":{"rendered":"<p>El lado subjetivo, de que este individuo, de entre varios de los cuales, puesto que aqu\u00ed lo objetivo no reside (como, por ejemplo, en el arte) en la genialidad, hay necesariamente, de manera indeterminada, varios, entre los cuales la preferencia no es nada absolutamente determinable, sea elegido y nombrado para un cargo, y facultado para [&hellip;]<\/p>\n","protected":false},"author":1,"featured_media":0,"comment_status":"open","ping_status":"","sticky":false,"template":"","format":"standard","meta":{"footnotes":""},"categories":[],"tags":[51],"class_list":["post-901912","post","type-post","status-publish","format-standard","hentry","tag-realizacion"],"_links":{"self":[{"href":"https:\/\/grundlinien.de\/es\/wp-json\/wp\/v2\/posts\/901912","targetHints":{"allow":["GET"]}}],"collection":[{"href":"https:\/\/grundlinien.de\/es\/wp-json\/wp\/v2\/posts"}],"about":[{"href":"https:\/\/grundlinien.de\/es\/wp-json\/wp\/v2\/types\/post"}],"author":[{"embeddable":true,"href":"https:\/\/grundlinien.de\/es\/wp-json\/wp\/v2\/users\/1"}],"replies":[{"embeddable":true,"href":"https:\/\/grundlinien.de\/es\/wp-json\/wp\/v2\/comments?post=901912"}],"version-history":[{"count":1,"href":"https:\/\/grundlinien.de\/es\/wp-json\/wp\/v2\/posts\/901912\/revisions"}],"predecessor-version":[{"id":901913,"href":"https:\/\/grundlinien.de\/es\/wp-json\/wp\/v2\/posts\/901912\/revisions\/901913"}],"wp:attachment":[{"href":"https:\/\/grundlinien.de\/es\/wp-json\/wp\/v2\/media?parent=901912"}],"wp:term":[{"taxonomy":"category","embeddable":true,"href":"https:\/\/grundlinien.de\/es\/wp-json\/wp\/v2\/categories?post=901912"},{"taxonomy":"post_tag","embeddable":true,"href":"https:\/\/grundlinien.de\/es\/wp-json\/wp\/v2\/tags?post=901912"}],"curies":[{"name":"wp","href":"https:\/\/api.w.org\/{rel}","templated":true}]}}