{"id":901918,"date":"2026-08-29T17:44:34","date_gmt":"2026-08-29T15:44:34","guid":{"rendered":"https:\/\/grundlinien.de\/?p=901918"},"modified":"2026-08-29T17:44:34","modified_gmt":"2026-08-29T15:44:34","slug":"295","status":"publish","type":"post","link":"https:\/\/grundlinien.de\/es\/295\/","title":{"rendered":"295"},"content":{"rendered":"\n<p class=\"wp-block-paragraph\">El aseguramiento del Estado y de los gobernados contra el abuso del poder por parte de las autoridades y sus funcionarios reside, por un lado, inmediatamente en su jerarqu\u00eda y responsabilidad, y, por otro, en la legitimaci\u00f3n de los municipios, corporaciones, por medio de los cuales se contiene, para s\u00ed, la injerencia del arbitrio subjetivo en el poder confiado a los funcionarios, y se completa desde abajo el control desde arriba, que no alcanza el comportamiento singular.<\/p>\n\n\n\n<blockquote class=\"wp-block-quote is-layout-flow wp-block-quote-is-layout-flow\">\n<p class=\"wp-block-paragraph\">En el comportamiento y en la formaci\u00f3n de los funcionarios reside el punto en el cual las leyes y decisiones del gobierno tocan a la singularidad y se hacen valer en la realidad. Este es, por ello, el lugar del cual depende la satisfacci\u00f3n y la confianza de los ciudadanos hacia el gobierno, as\u00ed como la ejecuci\u00f3n, o el debilitamiento y la frustraci\u00f3n de sus prop\u00f3sitos, seg\u00fan el lado de que el <em>modo<\/em> de la ejecuci\u00f3n sea f\u00e1cilmente tenido, por el sentimiento y la disposici\u00f3n de \u00e1nimo, en tan alta estima como el <em>contenido<\/em> mismo de lo que ha de ejecutarse, el cual puede ya en s\u00ed mismo contener una carga. En la inmediatez y personalidad de este contacto reside que el control desde arriba alcance, seg\u00fan este lado, de manera m\u00e1s incompleta su fin, el cual puede encontrar tambi\u00e9n obst\u00e1culos en el inter\u00e9s comunitario de los funcionarios en cuanto estamento que se cierra tanto frente a los subordinados como frente a los superiores, cuya eliminaci\u00f3n, especialmente cuando adem\u00e1s otras instituciones son todav\u00eda m\u00e1s imperfectas, requiere y legitima la intervenci\u00f3n superior de la soberan\u00eda (como, por ejemplo, la de <em>Federico II<\/em> en el conocido y difamado caso <em>M\u00fcller-Arnold<\/em>).<\/p>\n<\/blockquote>\n","protected":false},"excerpt":{"rendered":"<p>El aseguramiento del Estado y de los gobernados contra el abuso del poder por parte de las autoridades y sus funcionarios reside, por un lado, inmediatamente en su jerarqu\u00eda y responsabilidad, y, por otro, en la legitimaci\u00f3n de los municipios, corporaciones, por medio de los cuales se contiene, para s\u00ed, la injerencia del arbitrio subjetivo [&hellip;]<\/p>\n","protected":false},"author":1,"featured_media":0,"comment_status":"open","ping_status":"","sticky":false,"template":"","format":"standard","meta":{"footnotes":""},"categories":[],"tags":[51],"class_list":["post-901918","post","type-post","status-publish","format-standard","hentry","tag-realizacion"],"_links":{"self":[{"href":"https:\/\/grundlinien.de\/es\/wp-json\/wp\/v2\/posts\/901918","targetHints":{"allow":["GET"]}}],"collection":[{"href":"https:\/\/grundlinien.de\/es\/wp-json\/wp\/v2\/posts"}],"about":[{"href":"https:\/\/grundlinien.de\/es\/wp-json\/wp\/v2\/types\/post"}],"author":[{"embeddable":true,"href":"https:\/\/grundlinien.de\/es\/wp-json\/wp\/v2\/users\/1"}],"replies":[{"embeddable":true,"href":"https:\/\/grundlinien.de\/es\/wp-json\/wp\/v2\/comments?post=901918"}],"version-history":[{"count":1,"href":"https:\/\/grundlinien.de\/es\/wp-json\/wp\/v2\/posts\/901918\/revisions"}],"predecessor-version":[{"id":901919,"href":"https:\/\/grundlinien.de\/es\/wp-json\/wp\/v2\/posts\/901918\/revisions\/901919"}],"wp:attachment":[{"href":"https:\/\/grundlinien.de\/es\/wp-json\/wp\/v2\/media?parent=901918"}],"wp:term":[{"taxonomy":"category","embeddable":true,"href":"https:\/\/grundlinien.de\/es\/wp-json\/wp\/v2\/categories?post=901918"},{"taxonomy":"post_tag","embeddable":true,"href":"https:\/\/grundlinien.de\/es\/wp-json\/wp\/v2\/tags?post=901918"}],"curies":[{"name":"wp","href":"https:\/\/api.w.org\/{rel}","templated":true}]}}