{"id":901921,"date":"2026-08-29T17:49:47","date_gmt":"2026-08-29T15:49:47","guid":{"rendered":"https:\/\/grundlinien.de\/?p=901921"},"modified":"2026-08-29T17:49:47","modified_gmt":"2026-08-29T15:49:47","slug":"296","status":"publish","type":"post","link":"https:\/\/grundlinien.de\/es\/296\/","title":{"rendered":"296"},"content":{"rendered":"\n<p class=\"wp-block-paragraph\">Pero que la ausencia de pasi\u00f3n, la rectitud y la mansedumbre del comportamiento se conviertan en <em>costumbre<\/em>, depende, en parte, de la formaci\u00f3n <em>\u00e9tica<\/em> y de <em>pensamiento<\/em> directa, que mantiene el equilibrio espiritual frente a lo que el aprendizaje de las llamadas ciencias de los objetos de estas esferas, el necesario ejercicio profesional, el trabajo efectivo, etc., contienen en s\u00ed de mecanismo y cosas semejantes; en parte, la <em>magnitud<\/em> del Estado es un momento principal, por medio del cual tanto se debilita el peso de las vinculaciones familiares y otras privadas, como tambi\u00e9n la venganza, el odio y otras pasiones semejantes se vuelven m\u00e1s impotentes y, con ello, m\u00e1s embotadas; en la ocupaci\u00f3n con los grandes intereses presentes en el gran Estado, estos lados subjetivos se hunden por s\u00ed mismos, y se genera el h\u00e1bito de los intereses, puntos de vista y negocios universales.<\/p>\n","protected":false},"excerpt":{"rendered":"<p>Pero que la ausencia de pasi\u00f3n, la rectitud y la mansedumbre del comportamiento se conviertan en costumbre, depende, en parte, de la formaci\u00f3n \u00e9tica y de pensamiento directa, que mantiene el equilibrio espiritual frente a lo que el aprendizaje de las llamadas ciencias de los objetos de estas esferas, el necesario ejercicio profesional, el trabajo [&hellip;]<\/p>\n","protected":false},"author":1,"featured_media":0,"comment_status":"open","ping_status":"","sticky":false,"template":"","format":"standard","meta":{"footnotes":""},"categories":[],"tags":[51],"class_list":["post-901921","post","type-post","status-publish","format-standard","hentry","tag-realizacion"],"_links":{"self":[{"href":"https:\/\/grundlinien.de\/es\/wp-json\/wp\/v2\/posts\/901921","targetHints":{"allow":["GET"]}}],"collection":[{"href":"https:\/\/grundlinien.de\/es\/wp-json\/wp\/v2\/posts"}],"about":[{"href":"https:\/\/grundlinien.de\/es\/wp-json\/wp\/v2\/types\/post"}],"author":[{"embeddable":true,"href":"https:\/\/grundlinien.de\/es\/wp-json\/wp\/v2\/users\/1"}],"replies":[{"embeddable":true,"href":"https:\/\/grundlinien.de\/es\/wp-json\/wp\/v2\/comments?post=901921"}],"version-history":[{"count":1,"href":"https:\/\/grundlinien.de\/es\/wp-json\/wp\/v2\/posts\/901921\/revisions"}],"predecessor-version":[{"id":901922,"href":"https:\/\/grundlinien.de\/es\/wp-json\/wp\/v2\/posts\/901921\/revisions\/901922"}],"wp:attachment":[{"href":"https:\/\/grundlinien.de\/es\/wp-json\/wp\/v2\/media?parent=901921"}],"wp:term":[{"taxonomy":"category","embeddable":true,"href":"https:\/\/grundlinien.de\/es\/wp-json\/wp\/v2\/categories?post=901921"},{"taxonomy":"post_tag","embeddable":true,"href":"https:\/\/grundlinien.de\/es\/wp-json\/wp\/v2\/tags?post=901921"}],"curies":[{"name":"wp","href":"https:\/\/api.w.org\/{rel}","templated":true}]}}