{"id":901937,"date":"2026-08-29T18:05:47","date_gmt":"2026-08-29T16:05:47","guid":{"rendered":"https:\/\/grundlinien.de\/?p=901937"},"modified":"2026-08-29T19:58:55","modified_gmt":"2026-08-29T17:58:55","slug":"304","status":"publish","type":"post","link":"https:\/\/grundlinien.de\/es\/304\/","title":{"rendered":"304"},"content":{"rendered":"\n<p class=\"wp-block-paragraph\">El elemento pol\u00edtico-estamental contiene a la vez, en su propia determinaci\u00f3n, la diferencia de estamentos ya presente en las esferas anteriores. Su posici\u00f3n, en un primer momento abstracta, a saber, la del <em>extremo<\/em> de la <em>universalidad emp\u00edrica<\/em> frente al <em>principio principesco<\/em> o <em>mon\u00e1rquico<\/em> en general \u2014en la cual reside solo la <em>posibilidad de la coincidencia<\/em>, y, con ello, igualmente la <em>posibilidad<\/em> de una <em>oposici\u00f3n hostil<\/em>\u2014, esta posici\u00f3n abstracta solo se convierte en relaci\u00f3n racional (en <em>silogismo<\/em>, cf. la Observaci\u00f3n al <a href=\"https:\/\/grundlinien.de\/es\/302\/\">\u00a7 302<\/a>) por el hecho de que su <em>mediaci\u00f3n<\/em> llegue a existencia. As\u00ed como, del lado del poder principesco, el poder de gobierno (<a href=\"https:\/\/grundlinien.de\/es\/300\/\">\u00a7 300<\/a>) tiene ya esta determinaci\u00f3n, as\u00ed tambi\u00e9n, del lado de los estamentos, un momento de estos debe estar vuelto, seg\u00fan la determinaci\u00f3n, a existir esencialmente como el momento del medio.<\/p>\n","protected":false},"excerpt":{"rendered":"<p>El elemento pol\u00edtico-estamental contiene a la vez, en su propia determinaci\u00f3n, la diferencia de estamentos ya presente en las esferas anteriores. Su posici\u00f3n, en un primer momento abstracta, a saber, la del extremo de la universalidad emp\u00edrica frente al principio principesco o mon\u00e1rquico en general \u2014en la cual reside solo la posibilidad de la coincidencia, [&hellip;]<\/p>\n","protected":false},"author":1,"featured_media":0,"comment_status":"open","ping_status":"","sticky":false,"template":"","format":"standard","meta":{"footnotes":""},"categories":[],"tags":[50],"class_list":["post-901937","post","type-post","status-publish","format-standard","hentry","tag-concepto"],"_links":{"self":[{"href":"https:\/\/grundlinien.de\/es\/wp-json\/wp\/v2\/posts\/901937","targetHints":{"allow":["GET"]}}],"collection":[{"href":"https:\/\/grundlinien.de\/es\/wp-json\/wp\/v2\/posts"}],"about":[{"href":"https:\/\/grundlinien.de\/es\/wp-json\/wp\/v2\/types\/post"}],"author":[{"embeddable":true,"href":"https:\/\/grundlinien.de\/es\/wp-json\/wp\/v2\/users\/1"}],"replies":[{"embeddable":true,"href":"https:\/\/grundlinien.de\/es\/wp-json\/wp\/v2\/comments?post=901937"}],"version-history":[{"count":2,"href":"https:\/\/grundlinien.de\/es\/wp-json\/wp\/v2\/posts\/901937\/revisions"}],"predecessor-version":[{"id":902067,"href":"https:\/\/grundlinien.de\/es\/wp-json\/wp\/v2\/posts\/901937\/revisions\/902067"}],"wp:attachment":[{"href":"https:\/\/grundlinien.de\/es\/wp-json\/wp\/v2\/media?parent=901937"}],"wp:term":[{"taxonomy":"category","embeddable":true,"href":"https:\/\/grundlinien.de\/es\/wp-json\/wp\/v2\/categories?post=901937"},{"taxonomy":"post_tag","embeddable":true,"href":"https:\/\/grundlinien.de\/es\/wp-json\/wp\/v2\/tags?post=901937"}],"curies":[{"name":"wp","href":"https:\/\/api.w.org\/{rel}","templated":true}]}}