{"id":901939,"date":"2026-08-29T18:07:18","date_gmt":"2026-08-29T16:07:18","guid":{"rendered":"https:\/\/grundlinien.de\/?p=901939"},"modified":"2026-08-29T18:07:18","modified_gmt":"2026-08-29T16:07:18","slug":"305","status":"publish","type":"post","link":"https:\/\/grundlinien.de\/es\/305\/","title":{"rendered":"305"},"content":{"rendered":"\n<p class=\"wp-block-paragraph\">Uno de los estamentos de la sociedad civil contiene el principio que es, para s\u00ed, capaz de ser constituido para esta relaci\u00f3n pol\u00edtica, a saber, el estamento de la eticidad natural, que tiene por base la vida familiar y, en atenci\u00f3n a la subsistencia, la propiedad de la tierra, teniendo as\u00ed, en atenci\u00f3n a su particularidad, un querer que descansa en s\u00ed mismo, y compartiendo con el elemento principesco la determinaci\u00f3n natural que este encierra en s\u00ed.<\/p>\n","protected":false},"excerpt":{"rendered":"<p>Uno de los estamentos de la sociedad civil contiene el principio que es, para s\u00ed, capaz de ser constituido para esta relaci\u00f3n pol\u00edtica, a saber, el estamento de la eticidad natural, que tiene por base la vida familiar y, en atenci\u00f3n a la subsistencia, la propiedad de la tierra, teniendo as\u00ed, en atenci\u00f3n a su [&hellip;]<\/p>\n","protected":false},"author":1,"featured_media":0,"comment_status":"open","ping_status":"","sticky":false,"template":"","format":"standard","meta":{"footnotes":""},"categories":[],"tags":[51],"class_list":["post-901939","post","type-post","status-publish","format-standard","hentry","tag-realizacion"],"_links":{"self":[{"href":"https:\/\/grundlinien.de\/es\/wp-json\/wp\/v2\/posts\/901939","targetHints":{"allow":["GET"]}}],"collection":[{"href":"https:\/\/grundlinien.de\/es\/wp-json\/wp\/v2\/posts"}],"about":[{"href":"https:\/\/grundlinien.de\/es\/wp-json\/wp\/v2\/types\/post"}],"author":[{"embeddable":true,"href":"https:\/\/grundlinien.de\/es\/wp-json\/wp\/v2\/users\/1"}],"replies":[{"embeddable":true,"href":"https:\/\/grundlinien.de\/es\/wp-json\/wp\/v2\/comments?post=901939"}],"version-history":[{"count":1,"href":"https:\/\/grundlinien.de\/es\/wp-json\/wp\/v2\/posts\/901939\/revisions"}],"predecessor-version":[{"id":901940,"href":"https:\/\/grundlinien.de\/es\/wp-json\/wp\/v2\/posts\/901939\/revisions\/901940"}],"wp:attachment":[{"href":"https:\/\/grundlinien.de\/es\/wp-json\/wp\/v2\/media?parent=901939"}],"wp:term":[{"taxonomy":"category","embeddable":true,"href":"https:\/\/grundlinien.de\/es\/wp-json\/wp\/v2\/categories?post=901939"},{"taxonomy":"post_tag","embeddable":true,"href":"https:\/\/grundlinien.de\/es\/wp-json\/wp\/v2\/tags?post=901939"}],"curies":[{"name":"wp","href":"https:\/\/api.w.org\/{rel}","templated":true}]}}