{"id":901949,"date":"2026-08-29T18:14:50","date_gmt":"2026-08-29T16:14:50","guid":{"rendered":"https:\/\/grundlinien.de\/?p=901949"},"modified":"2026-08-29T19:58:48","modified_gmt":"2026-08-29T17:58:48","slug":"310","status":"publish","type":"post","link":"https:\/\/grundlinien.de\/es\/310\/","title":{"rendered":"310"},"content":{"rendered":"\n<p class=\"wp-block-paragraph\">La garant\u00eda de las cualidades y de la disposici\u00f3n de \u00e1nimo correspondientes a este fin \u2014puesto que el patrimonio independiente ya reclama su derecho en la primera parte de los estamentos\u2014 se muestra, en la segunda parte, que surge del elemento m\u00f3vil y mutable de la sociedad civil, principalmente en la disposici\u00f3n de \u00e1nimo, la habilidad y el conocimiento de las instituciones e intereses del Estado y de la sociedad civil, adquiridos por medio de la conducci\u00f3n <em>efectiva<\/em> de negocios, en cargos <em>de autoridad<\/em> o <em>cargos estatales<\/em>, y acreditados <em>por el hecho<\/em>, y en el <em>sentido de autoridad<\/em> y el <em>sentido del Estado<\/em> as\u00ed formados y probados.<\/p>\n\n\n\n<blockquote class=\"wp-block-quote is-layout-flow wp-block-quote-is-layout-flow\">\n<p class=\"wp-block-paragraph\">La opini\u00f3n subjetiva de s\u00ed mismo encuentra f\u00e1cilmente superflua, e incluso hasta ofensiva, la exigencia de tales garant\u00edas, cuando se hace en atenci\u00f3n al llamado pueblo. Pero el Estado tiene por su determinaci\u00f3n lo objetivo, no una opini\u00f3n subjetiva y la confianza en s\u00ed misma de esta; los individuos solo pueden ser, para \u00e9l, lo que en ellos es objetivamente cognoscible y probado, y tiene tanta m\u00e1s raz\u00f3n para atender a esto en esta parte del elemento estamental, cuanto que esta tiene su ra\u00edz en los intereses y ocupaciones dirigidos a lo particular, donde la contingencia, la mutabilidad y el arbitrio tienen su derecho a desenvolverse. \u2014 La condici\u00f3n exterior, un cierto patrimonio, aparece, tomada meramente para s\u00ed, como el extremo unilateral de la exterioridad frente al otro, igualmente unilateral, la mera confianza subjetiva y la opini\u00f3n de los electores. Tanto lo uno como lo otro forman, en su abstracci\u00f3n, un contraste frente a las cualidades concretas que se requieren para la deliberaci\u00f3n de los negocios del Estado, y que est\u00e1n contenidas en las determinaciones indicadas en el <a href=\"https:\/\/grundlinien.de\/es\/302\/\">\u00a7 302<\/a>. \u2014 De todos modos, en la elecci\u00f3n para cargos de autoridad y otros cargos de las corporaciones y municipios, la cualidad del patrimonio ya ha podido ejercer su efecto en la esfera donde tiene lugar, sobre todo cuando muchos de estos negocios se administran gratuitamente, y directamente en atenci\u00f3n al negocio estamental, cuando los miembros no reciben salario.<\/p>\n<\/blockquote>\n","protected":false},"excerpt":{"rendered":"<p>La garant\u00eda de las cualidades y de la disposici\u00f3n de \u00e1nimo correspondientes a este fin \u2014puesto que el patrimonio independiente ya reclama su derecho en la primera parte de los estamentos\u2014 se muestra, en la segunda parte, que surge del elemento m\u00f3vil y mutable de la sociedad civil, principalmente en la disposici\u00f3n de \u00e1nimo, la [&hellip;]<\/p>\n","protected":false},"author":1,"featured_media":0,"comment_status":"open","ping_status":"","sticky":false,"template":"","format":"standard","meta":{"footnotes":""},"categories":[],"tags":[51],"class_list":["post-901949","post","type-post","status-publish","format-standard","hentry","tag-realizacion"],"_links":{"self":[{"href":"https:\/\/grundlinien.de\/es\/wp-json\/wp\/v2\/posts\/901949","targetHints":{"allow":["GET"]}}],"collection":[{"href":"https:\/\/grundlinien.de\/es\/wp-json\/wp\/v2\/posts"}],"about":[{"href":"https:\/\/grundlinien.de\/es\/wp-json\/wp\/v2\/types\/post"}],"author":[{"embeddable":true,"href":"https:\/\/grundlinien.de\/es\/wp-json\/wp\/v2\/users\/1"}],"replies":[{"embeddable":true,"href":"https:\/\/grundlinien.de\/es\/wp-json\/wp\/v2\/comments?post=901949"}],"version-history":[{"count":2,"href":"https:\/\/grundlinien.de\/es\/wp-json\/wp\/v2\/posts\/901949\/revisions"}],"predecessor-version":[{"id":902065,"href":"https:\/\/grundlinien.de\/es\/wp-json\/wp\/v2\/posts\/901949\/revisions\/902065"}],"wp:attachment":[{"href":"https:\/\/grundlinien.de\/es\/wp-json\/wp\/v2\/media?parent=901949"}],"wp:term":[{"taxonomy":"category","embeddable":true,"href":"https:\/\/grundlinien.de\/es\/wp-json\/wp\/v2\/categories?post=901949"},{"taxonomy":"post_tag","embeddable":true,"href":"https:\/\/grundlinien.de\/es\/wp-json\/wp\/v2\/tags?post=901949"}],"curies":[{"name":"wp","href":"https:\/\/api.w.org\/{rel}","templated":true}]}}