{"id":901993,"date":"2026-08-29T18:51:56","date_gmt":"2026-08-29T16:51:56","guid":{"rendered":"https:\/\/grundlinien.de\/?p=901993"},"modified":"2026-08-29T18:51:56","modified_gmt":"2026-08-29T16:51:56","slug":"334","status":"publish","type":"post","link":"https:\/\/grundlinien.de\/es\/334\/","title":{"rendered":"334"},"content":{"rendered":"\n<p class=\"wp-block-paragraph\">La contienda de los Estados solo puede, por ello, en la medida en que las voluntades particulares no encuentran un acuerdo, decidirse por medio de la <em>guerra<\/em>. Pero qu\u00e9 lesiones \u2014de las cuales, en su \u00e1mbito muy amplio y en las relaciones m\u00faltiples por medio de sus miembros, pueden f\u00e1cilmente producirse muchas\u2014 hayan de considerarse como ruptura determinada de los tratados, o como lesi\u00f3n del reconocimiento y del honor, sigue siendo algo indeterminable <em>en s\u00ed<\/em>, puesto que un Estado puede poner su infinitud y su honor en cada una de sus singularidades, y est\u00e1 tanto m\u00e1s inclinado a esta irritabilidad cuanto m\u00e1s una individualidad vigorosa se ve impulsada, por una larga calma interior, a buscarse y crearse una materia de actividad hacia afuera.<\/p>\n","protected":false},"excerpt":{"rendered":"<p>La contienda de los Estados solo puede, por ello, en la medida en que las voluntades particulares no encuentran un acuerdo, decidirse por medio de la guerra. Pero qu\u00e9 lesiones \u2014de las cuales, en su \u00e1mbito muy amplio y en las relaciones m\u00faltiples por medio de sus miembros, pueden f\u00e1cilmente producirse muchas\u2014 hayan de considerarse [&hellip;]<\/p>\n","protected":false},"author":1,"featured_media":0,"comment_status":"open","ping_status":"","sticky":false,"template":"","format":"standard","meta":{"footnotes":""},"categories":[],"tags":[50],"class_list":["post-901993","post","type-post","status-publish","format-standard","hentry","tag-concepto"],"_links":{"self":[{"href":"https:\/\/grundlinien.de\/es\/wp-json\/wp\/v2\/posts\/901993","targetHints":{"allow":["GET"]}}],"collection":[{"href":"https:\/\/grundlinien.de\/es\/wp-json\/wp\/v2\/posts"}],"about":[{"href":"https:\/\/grundlinien.de\/es\/wp-json\/wp\/v2\/types\/post"}],"author":[{"embeddable":true,"href":"https:\/\/grundlinien.de\/es\/wp-json\/wp\/v2\/users\/1"}],"replies":[{"embeddable":true,"href":"https:\/\/grundlinien.de\/es\/wp-json\/wp\/v2\/comments?post=901993"}],"version-history":[{"count":1,"href":"https:\/\/grundlinien.de\/es\/wp-json\/wp\/v2\/posts\/901993\/revisions"}],"predecessor-version":[{"id":901994,"href":"https:\/\/grundlinien.de\/es\/wp-json\/wp\/v2\/posts\/901993\/revisions\/901994"}],"wp:attachment":[{"href":"https:\/\/grundlinien.de\/es\/wp-json\/wp\/v2\/media?parent=901993"}],"wp:term":[{"taxonomy":"category","embeddable":true,"href":"https:\/\/grundlinien.de\/es\/wp-json\/wp\/v2\/categories?post=901993"},{"taxonomy":"post_tag","embeddable":true,"href":"https:\/\/grundlinien.de\/es\/wp-json\/wp\/v2\/tags?post=901993"}],"curies":[{"name":"wp","href":"https:\/\/api.w.org\/{rel}","templated":true}]}}