{"id":902001,"date":"2026-08-29T18:58:44","date_gmt":"2026-08-29T16:58:44","guid":{"rendered":"https:\/\/grundlinien.de\/?p=902001"},"modified":"2026-08-29T18:58:44","modified_gmt":"2026-08-29T16:58:44","slug":"338","status":"publish","type":"post","link":"https:\/\/grundlinien.de\/es\/338\/","title":{"rendered":"338"},"content":{"rendered":"\n<p class=\"wp-block-paragraph\">En que los Estados se reconocen rec\u00edprocamente como tales reside, <em>incluso en la guerra<\/em>, estado de ausencia de derecho, de violencia y contingencia, un <em>v\u00ednculo<\/em> en el cual valen los unos para los otros en y para s\u00ed, de modo que en la guerra misma la guerra est\u00e1 determinada como algo que debe pasar. Contiene, con ello, la determinaci\u00f3n de derecho de gentes de que en ella se conserve la posibilidad de la paz, y que, por ello, por ejemplo, se respete a los embajadores, y, en general, que no se la conduzca contra las instituciones interiores y la vida familiar y privada pac\u00edfica, ni contra las personas privadas.<\/p>\n","protected":false},"excerpt":{"rendered":"<p>En que los Estados se reconocen rec\u00edprocamente como tales reside, incluso en la guerra, estado de ausencia de derecho, de violencia y contingencia, un v\u00ednculo en el cual valen los unos para los otros en y para s\u00ed, de modo que en la guerra misma la guerra est\u00e1 determinada como algo que debe pasar. Contiene, [&hellip;]<\/p>\n","protected":false},"author":1,"featured_media":0,"comment_status":"open","ping_status":"","sticky":false,"template":"","format":"standard","meta":{"footnotes":""},"categories":[],"tags":[51],"class_list":["post-902001","post","type-post","status-publish","format-standard","hentry","tag-realizacion"],"_links":{"self":[{"href":"https:\/\/grundlinien.de\/es\/wp-json\/wp\/v2\/posts\/902001","targetHints":{"allow":["GET"]}}],"collection":[{"href":"https:\/\/grundlinien.de\/es\/wp-json\/wp\/v2\/posts"}],"about":[{"href":"https:\/\/grundlinien.de\/es\/wp-json\/wp\/v2\/types\/post"}],"author":[{"embeddable":true,"href":"https:\/\/grundlinien.de\/es\/wp-json\/wp\/v2\/users\/1"}],"replies":[{"embeddable":true,"href":"https:\/\/grundlinien.de\/es\/wp-json\/wp\/v2\/comments?post=902001"}],"version-history":[{"count":1,"href":"https:\/\/grundlinien.de\/es\/wp-json\/wp\/v2\/posts\/902001\/revisions"}],"predecessor-version":[{"id":902002,"href":"https:\/\/grundlinien.de\/es\/wp-json\/wp\/v2\/posts\/902001\/revisions\/902002"}],"wp:attachment":[{"href":"https:\/\/grundlinien.de\/es\/wp-json\/wp\/v2\/media?parent=902001"}],"wp:term":[{"taxonomy":"category","embeddable":true,"href":"https:\/\/grundlinien.de\/es\/wp-json\/wp\/v2\/categories?post=902001"},{"taxonomy":"post_tag","embeddable":true,"href":"https:\/\/grundlinien.de\/es\/wp-json\/wp\/v2\/tags?post=902001"}],"curies":[{"name":"wp","href":"https:\/\/api.w.org\/{rel}","templated":true}]}}