{"id":902011,"date":"2026-08-29T19:07:30","date_gmt":"2026-08-29T17:07:30","guid":{"rendered":"https:\/\/grundlinien.de\/?p=902011"},"modified":"2026-08-29T19:07:30","modified_gmt":"2026-08-29T17:07:30","slug":"343","status":"publish","type":"post","link":"https:\/\/grundlinien.de\/es\/343\/","title":{"rendered":"343"},"content":{"rendered":"\n<p class=\"wp-block-paragraph\">La historia del esp\u00edritu es su <em>hecho<\/em>, pues \u00e9l solo es lo que hace, y su hecho es hacerse, y por cierto aqu\u00ed como esp\u00edritu, objeto de su conciencia, aprehenderse exponi\u00e9ndose a s\u00ed mismo para s\u00ed mismo. Este aprehender es su ser y principio, y la <em>culminaci\u00f3n<\/em> de un aprehender es a la vez su enajenaci\u00f3n y su tr\u00e1nsito. El esp\u00edritu que, expresado formalmente, aprehende <em>de nuevo<\/em> este aprehender, y, lo que es lo mismo, vuelve en s\u00ed desde la enajenaci\u00f3n, es el esp\u00edritu de la etapa superior frente a s\u00ed mismo, tal como se encontraba en aquel primer aprehender.<\/p>\n\n\n\n<blockquote class=\"wp-block-quote is-layout-flow wp-block-quote-is-layout-flow\">\n<p class=\"wp-block-paragraph\">Aqu\u00ed cae la pregunta sobre la <em>perfectibilidad<\/em> y la <em>educaci\u00f3n del g\u00e9nero humano<\/em>. Quienes han afirmado esta perfectibilidad han presentido algo de la naturaleza del esp\u00edritu, de su naturaleza de tener por ley de su <em>ser<\/em> el <em>\u03b3\u03bd\u1ff6\u03b8\u03b9 \u03c3\u03b5\u03b1\u03c5\u03c4\u03cc\u03bd<\/em> [con\u00f3cete a ti mismo], y de ser, al aprehender lo que <em>es<\/em>, una figura superior a esta que constitu\u00eda su ser. Pero, para quienes rechazan este pensamiento, el esp\u00edritu ha seguido siendo una palabra vac\u00eda, as\u00ed como la historia un juego superficial de esfuerzos y pasiones <em>contingentes<\/em>, los llamados <em>meramente humanos<\/em>. Si con ello expresan tambi\u00e9n, en las expresiones de <em>providencia<\/em> y <em>plan<\/em> de la providencia, la fe en un gobierno superior, esto sigue siendo representaciones no cumplidas, puesto que declaran expresamente el plan de la providencia como algo incognoscible e incomprensible para ellos.<\/p>\n<\/blockquote>\n","protected":false},"excerpt":{"rendered":"<p>La historia del esp\u00edritu es su hecho, pues \u00e9l solo es lo que hace, y su hecho es hacerse, y por cierto aqu\u00ed como esp\u00edritu, objeto de su conciencia, aprehenderse exponi\u00e9ndose a s\u00ed mismo para s\u00ed mismo. Este aprehender es su ser y principio, y la culminaci\u00f3n de un aprehender es a la vez su [&hellip;]<\/p>\n","protected":false},"author":1,"featured_media":0,"comment_status":"open","ping_status":"","sticky":false,"template":"","format":"standard","meta":{"footnotes":""},"categories":[],"tags":[50],"class_list":["post-902011","post","type-post","status-publish","format-standard","hentry","tag-concepto"],"_links":{"self":[{"href":"https:\/\/grundlinien.de\/es\/wp-json\/wp\/v2\/posts\/902011","targetHints":{"allow":["GET"]}}],"collection":[{"href":"https:\/\/grundlinien.de\/es\/wp-json\/wp\/v2\/posts"}],"about":[{"href":"https:\/\/grundlinien.de\/es\/wp-json\/wp\/v2\/types\/post"}],"author":[{"embeddable":true,"href":"https:\/\/grundlinien.de\/es\/wp-json\/wp\/v2\/users\/1"}],"replies":[{"embeddable":true,"href":"https:\/\/grundlinien.de\/es\/wp-json\/wp\/v2\/comments?post=902011"}],"version-history":[{"count":1,"href":"https:\/\/grundlinien.de\/es\/wp-json\/wp\/v2\/posts\/902011\/revisions"}],"predecessor-version":[{"id":902012,"href":"https:\/\/grundlinien.de\/es\/wp-json\/wp\/v2\/posts\/902011\/revisions\/902012"}],"wp:attachment":[{"href":"https:\/\/grundlinien.de\/es\/wp-json\/wp\/v2\/media?parent=902011"}],"wp:term":[{"taxonomy":"category","embeddable":true,"href":"https:\/\/grundlinien.de\/es\/wp-json\/wp\/v2\/categories?post=902011"},{"taxonomy":"post_tag","embeddable":true,"href":"https:\/\/grundlinien.de\/es\/wp-json\/wp\/v2\/tags?post=902011"}],"curies":[{"name":"wp","href":"https:\/\/api.w.org\/{rel}","templated":true}]}}