{"id":902013,"date":"2026-08-29T19:09:18","date_gmt":"2026-08-29T17:09:18","guid":{"rendered":"https:\/\/grundlinien.de\/?p=902013"},"modified":"2026-08-29T19:09:18","modified_gmt":"2026-08-29T17:09:18","slug":"344","status":"publish","type":"post","link":"https:\/\/grundlinien.de\/es\/344\/","title":{"rendered":"344"},"content":{"rendered":"\n<p class=\"wp-block-paragraph\">Los Estados, pueblos e individuos, en este negocio del esp\u00edritu del mundo, se levantan seg\u00fan su <em>principio particular determinado<\/em>, que tiene su exposici\u00f3n y su realidad en su <em>Constituci\u00f3n<\/em> y en toda la <em>amplitud<\/em> de su <em>estado<\/em>, del cual son conscientes y en cuyo inter\u00e9s est\u00e1n sumidos, siendo a la vez, sin conciencia de ello, instrumentos y miembros de aquel negocio interior, en el cual estas figuras perecen, mientras que el esp\u00edritu en y para s\u00ed se prepara y elabora el tr\u00e1nsito a su siguiente etapa superior.<\/p>\n","protected":false},"excerpt":{"rendered":"<p>Los Estados, pueblos e individuos, en este negocio del esp\u00edritu del mundo, se levantan seg\u00fan su principio particular determinado, que tiene su exposici\u00f3n y su realidad en su Constituci\u00f3n y en toda la amplitud de su estado, del cual son conscientes y en cuyo inter\u00e9s est\u00e1n sumidos, siendo a la vez, sin conciencia de ello, [&hellip;]<\/p>\n","protected":false},"author":1,"featured_media":0,"comment_status":"open","ping_status":"","sticky":false,"template":"","format":"standard","meta":{"footnotes":""},"categories":[],"tags":[50],"class_list":["post-902013","post","type-post","status-publish","format-standard","hentry","tag-concepto"],"_links":{"self":[{"href":"https:\/\/grundlinien.de\/es\/wp-json\/wp\/v2\/posts\/902013","targetHints":{"allow":["GET"]}}],"collection":[{"href":"https:\/\/grundlinien.de\/es\/wp-json\/wp\/v2\/posts"}],"about":[{"href":"https:\/\/grundlinien.de\/es\/wp-json\/wp\/v2\/types\/post"}],"author":[{"embeddable":true,"href":"https:\/\/grundlinien.de\/es\/wp-json\/wp\/v2\/users\/1"}],"replies":[{"embeddable":true,"href":"https:\/\/grundlinien.de\/es\/wp-json\/wp\/v2\/comments?post=902013"}],"version-history":[{"count":1,"href":"https:\/\/grundlinien.de\/es\/wp-json\/wp\/v2\/posts\/902013\/revisions"}],"predecessor-version":[{"id":902014,"href":"https:\/\/grundlinien.de\/es\/wp-json\/wp\/v2\/posts\/902013\/revisions\/902014"}],"wp:attachment":[{"href":"https:\/\/grundlinien.de\/es\/wp-json\/wp\/v2\/media?parent=902013"}],"wp:term":[{"taxonomy":"category","embeddable":true,"href":"https:\/\/grundlinien.de\/es\/wp-json\/wp\/v2\/categories?post=902013"},{"taxonomy":"post_tag","embeddable":true,"href":"https:\/\/grundlinien.de\/es\/wp-json\/wp\/v2\/tags?post=902013"}],"curies":[{"name":"wp","href":"https:\/\/api.w.org\/{rel}","templated":true}]}}