{"id":902019,"date":"2026-08-29T19:16:02","date_gmt":"2026-08-29T17:16:02","guid":{"rendered":"https:\/\/grundlinien.de\/?p=902019"},"modified":"2026-08-29T19:58:26","modified_gmt":"2026-08-29T17:58:26","slug":"347","status":"publish","type":"post","link":"https:\/\/grundlinien.de\/es\/347\/","title":{"rendered":"347"},"content":{"rendered":"\n<p class=\"wp-block-paragraph\">Al pueblo al que corresponde tal momento como principio <em>natural<\/em> le est\u00e1 confiada la ejecuci\u00f3n de este en el progreso de la autoconciencia que se desarrolla del esp\u00edritu del mundo. Este pueblo es, en la historia universal, para esta \u00e9poca \u2014<em>y solo puede<\/em>, <a href=\"https:\/\/grundlinien.de\/es\/346\/\">\u00a7 346<\/a>, <em>hacer \u00e9poca en ella una vez<\/em>\u2014, el pueblo <em>dominante<\/em>. Frente a este su derecho absoluto de ser portador de la etapa presente del desarrollo del esp\u00edritu del mundo, los esp\u00edritus de los dem\u00e1s pueblos carecen de derecho, y estos, as\u00ed como aquellos cuya \u00e9poca ha pasado, ya no cuentan en la historia universal.<\/p>\n\n\n\n<blockquote class=\"wp-block-quote is-layout-flow wp-block-quote-is-layout-flow\">\n<p class=\"wp-block-paragraph\">La historia particular de un pueblo hist\u00f3rico-universal contiene, en parte, el desarrollo de su principio, desde su estado infantil, todav\u00eda envuelto, hasta su florecimiento, donde, habiendo llegado a la libre autoconciencia \u00e9tica, interviene ya en la historia general; y, en parte, tambi\u00e9n el per\u00edodo de la decadencia y la corrupci\u00f3n; \u2014 pues as\u00ed se anuncia en \u00e9l el surgimiento de un principio superior, como el simplemente negativo del suyo propio. Con ello se indica el tr\u00e1nsito del esp\u00edritu hacia aquel principio, y as\u00ed, de la historia universal, hacia <em>otro<\/em> pueblo, \u2014 un per\u00edodo desde el cual aquel pueblo ha perdido el inter\u00e9s absoluto, y ciertamente entonces tambi\u00e9n recibe en s\u00ed, positivamente, el principio superior, y se forma hacia \u00e9l, pero no se comporta en \u00e9l, en cuanto en algo recibido, con vivacidad y frescura inmanentes, \u2014 quiz\u00e1s pierde su independencia, quiz\u00e1s tambi\u00e9n se contin\u00faa o se arrastra como Estado particular o como un c\u00edrculo de Estados, y se debate al azar en diversos intentos interiores y luchas exteriores.<\/p>\n<\/blockquote>\n","protected":false},"excerpt":{"rendered":"<p>Al pueblo al que corresponde tal momento como principio natural le est\u00e1 confiada la ejecuci\u00f3n de este en el progreso de la autoconciencia que se desarrolla del esp\u00edritu del mundo. Este pueblo es, en la historia universal, para esta \u00e9poca \u2014y solo puede, \u00a7 346, hacer \u00e9poca en ella una vez\u2014, el pueblo dominante. Frente [&hellip;]<\/p>\n","protected":false},"author":1,"featured_media":0,"comment_status":"open","ping_status":"","sticky":false,"template":"","format":"standard","meta":{"footnotes":""},"categories":[],"tags":[50],"class_list":["post-902019","post","type-post","status-publish","format-standard","hentry","tag-concepto"],"_links":{"self":[{"href":"https:\/\/grundlinien.de\/es\/wp-json\/wp\/v2\/posts\/902019","targetHints":{"allow":["GET"]}}],"collection":[{"href":"https:\/\/grundlinien.de\/es\/wp-json\/wp\/v2\/posts"}],"about":[{"href":"https:\/\/grundlinien.de\/es\/wp-json\/wp\/v2\/types\/post"}],"author":[{"embeddable":true,"href":"https:\/\/grundlinien.de\/es\/wp-json\/wp\/v2\/users\/1"}],"replies":[{"embeddable":true,"href":"https:\/\/grundlinien.de\/es\/wp-json\/wp\/v2\/comments?post=902019"}],"version-history":[{"count":2,"href":"https:\/\/grundlinien.de\/es\/wp-json\/wp\/v2\/posts\/902019\/revisions"}],"predecessor-version":[{"id":902057,"href":"https:\/\/grundlinien.de\/es\/wp-json\/wp\/v2\/posts\/902019\/revisions\/902057"}],"wp:attachment":[{"href":"https:\/\/grundlinien.de\/es\/wp-json\/wp\/v2\/media?parent=902019"}],"wp:term":[{"taxonomy":"category","embeddable":true,"href":"https:\/\/grundlinien.de\/es\/wp-json\/wp\/v2\/categories?post=902019"},{"taxonomy":"post_tag","embeddable":true,"href":"https:\/\/grundlinien.de\/es\/wp-json\/wp\/v2\/tags?post=902019"}],"curies":[{"name":"wp","href":"https:\/\/api.w.org\/{rel}","templated":true}]}}