{"id":902037,"date":"2026-08-29T19:29:17","date_gmt":"2026-08-29T17:29:17","guid":{"rendered":"https:\/\/grundlinien.de\/?p=902037"},"modified":"2026-08-29T19:58:13","modified_gmt":"2026-08-29T17:58:13","slug":"356","status":"publish","type":"post","link":"https:\/\/grundlinien.de\/es\/356\/","title":{"rendered":"356"},"content":{"rendered":"\n<p class=\"wp-block-paragraph\"><strong>2. El reino griego<\/strong><\/p>\n\n\n\n<p class=\"wp-block-paragraph\">Este tiene aquella unidad sustancial de lo finito y lo infinito, pero solo como fundamento misterioso, retrocedido a un recuerdo embotado, a cavernas y a im\u00e1genes de la tradici\u00f3n, la cual, nacida hacia afuera desde el esp\u00edritu que se diferencia, hacia la espiritualidad individual y hacia el d\u00eda del saber, est\u00e1 moderada y transfigurada hasta la belleza y hasta una eticidad libre y serena. En esta determinaci\u00f3n se abre as\u00ed el principio de la individualidad personal, todav\u00eda no encerrada en s\u00ed misma, sino mantenida en su unidad ideal; \u2014 en parte, el todo se descompone por ello en un c\u00edrculo de esp\u00edritus particulares de pueblos; en parte, por un lado, la \u00faltima resoluci\u00f3n de la voluntad no est\u00e1 puesta todav\u00eda en la subjetividad de la autoconciencia que es para s\u00ed, sino en un poder que estar\u00eda por encima de ella y fuera de ella (cf. la Observaci\u00f3n al <a href=\"https:\/\/grundlinien.de\/es\/279\/\">\u00a7 279<\/a>); y, por otro lado, la particularidad que pertenece a la necesidad no est\u00e1 todav\u00eda admitida en la libertad, sino excluida hacia un estamento de esclavos.<\/p>\n","protected":false},"excerpt":{"rendered":"<p>2. El reino griego Este tiene aquella unidad sustancial de lo finito y lo infinito, pero solo como fundamento misterioso, retrocedido a un recuerdo embotado, a cavernas y a im\u00e1genes de la tradici\u00f3n, la cual, nacida hacia afuera desde el esp\u00edritu que se diferencia, hacia la espiritualidad individual y hacia el d\u00eda del saber, est\u00e1 [&hellip;]<\/p>\n","protected":false},"author":1,"featured_media":0,"comment_status":"open","ping_status":"","sticky":false,"template":"","format":"standard","meta":{"footnotes":""},"categories":[],"tags":[51],"class_list":["post-902037","post","type-post","status-publish","format-standard","hentry","tag-realizacion"],"_links":{"self":[{"href":"https:\/\/grundlinien.de\/es\/wp-json\/wp\/v2\/posts\/902037","targetHints":{"allow":["GET"]}}],"collection":[{"href":"https:\/\/grundlinien.de\/es\/wp-json\/wp\/v2\/posts"}],"about":[{"href":"https:\/\/grundlinien.de\/es\/wp-json\/wp\/v2\/types\/post"}],"author":[{"embeddable":true,"href":"https:\/\/grundlinien.de\/es\/wp-json\/wp\/v2\/users\/1"}],"replies":[{"embeddable":true,"href":"https:\/\/grundlinien.de\/es\/wp-json\/wp\/v2\/comments?post=902037"}],"version-history":[{"count":2,"href":"https:\/\/grundlinien.de\/es\/wp-json\/wp\/v2\/posts\/902037\/revisions"}],"predecessor-version":[{"id":902053,"href":"https:\/\/grundlinien.de\/es\/wp-json\/wp\/v2\/posts\/902037\/revisions\/902053"}],"wp:attachment":[{"href":"https:\/\/grundlinien.de\/es\/wp-json\/wp\/v2\/media?parent=902037"}],"wp:term":[{"taxonomy":"category","embeddable":true,"href":"https:\/\/grundlinien.de\/es\/wp-json\/wp\/v2\/categories?post=902037"},{"taxonomy":"post_tag","embeddable":true,"href":"https:\/\/grundlinien.de\/es\/wp-json\/wp\/v2\/tags?post=902037"}],"curies":[{"name":"wp","href":"https:\/\/api.w.org\/{rel}","templated":true}]}}