{"id":902039,"date":"2026-08-29T19:30:50","date_gmt":"2026-08-29T17:30:50","guid":{"rendered":"https:\/\/grundlinien.de\/?p=902039"},"modified":"2026-08-29T19:30:50","modified_gmt":"2026-08-29T17:30:50","slug":"357","status":"publish","type":"post","link":"https:\/\/grundlinien.de\/es\/357\/","title":{"rendered":"357"},"content":{"rendered":"\n<p class=\"wp-block-paragraph\"><strong>3. El reino romano<\/strong><\/p>\n\n\n\n<p class=\"wp-block-paragraph\">En este reino se cumple la diferenciaci\u00f3n hasta el desgarramiento infinito de la vida \u00e9tica en los extremos de la autoconciencia privada <em>personal<\/em> y de la <em>universalidad abstracta<\/em>. La oposici\u00f3n, partiendo de la intuici\u00f3n sustancial de una aristocracia frente al principio de la personalidad libre en forma democr\u00e1tica, se desarrolla, hacia aquel lado, hasta la superstici\u00f3n y la afirmaci\u00f3n de un poder fr\u00edo y \u00e1vido, y, hacia este otro, hasta la corrupci\u00f3n de una plebe, y la disoluci\u00f3n del todo termina en la desdicha general y la muerte de la vida \u00e9tica, en la cual las individualidades de los pueblos perecen en la unidad de un pante\u00f3n, todos los singulares descienden a <em>personas privadas<\/em> e <em>iguales<\/em> con derecho formal, a las que solo mantiene unidas, con ello, un arbitrio abstracto que se lanza hacia lo desmesurado.<\/p>\n","protected":false},"excerpt":{"rendered":"<p>3. El reino romano En este reino se cumple la diferenciaci\u00f3n hasta el desgarramiento infinito de la vida \u00e9tica en los extremos de la autoconciencia privada personal y de la universalidad abstracta. La oposici\u00f3n, partiendo de la intuici\u00f3n sustancial de una aristocracia frente al principio de la personalidad libre en forma democr\u00e1tica, se desarrolla, hacia [&hellip;]<\/p>\n","protected":false},"author":1,"featured_media":0,"comment_status":"open","ping_status":"","sticky":false,"template":"","format":"standard","meta":{"footnotes":""},"categories":[],"tags":[51],"class_list":["post-902039","post","type-post","status-publish","format-standard","hentry","tag-realizacion"],"_links":{"self":[{"href":"https:\/\/grundlinien.de\/es\/wp-json\/wp\/v2\/posts\/902039","targetHints":{"allow":["GET"]}}],"collection":[{"href":"https:\/\/grundlinien.de\/es\/wp-json\/wp\/v2\/posts"}],"about":[{"href":"https:\/\/grundlinien.de\/es\/wp-json\/wp\/v2\/types\/post"}],"author":[{"embeddable":true,"href":"https:\/\/grundlinien.de\/es\/wp-json\/wp\/v2\/users\/1"}],"replies":[{"embeddable":true,"href":"https:\/\/grundlinien.de\/es\/wp-json\/wp\/v2\/comments?post=902039"}],"version-history":[{"count":1,"href":"https:\/\/grundlinien.de\/es\/wp-json\/wp\/v2\/posts\/902039\/revisions"}],"predecessor-version":[{"id":902040,"href":"https:\/\/grundlinien.de\/es\/wp-json\/wp\/v2\/posts\/902039\/revisions\/902040"}],"wp:attachment":[{"href":"https:\/\/grundlinien.de\/es\/wp-json\/wp\/v2\/media?parent=902039"}],"wp:term":[{"taxonomy":"category","embeddable":true,"href":"https:\/\/grundlinien.de\/es\/wp-json\/wp\/v2\/categories?post=902039"},{"taxonomy":"post_tag","embeddable":true,"href":"https:\/\/grundlinien.de\/es\/wp-json\/wp\/v2\/tags?post=902039"}],"curies":[{"name":"wp","href":"https:\/\/api.w.org\/{rel}","templated":true}]}}