{"id":902043,"date":"2026-08-29T19:35:00","date_gmt":"2026-08-29T17:35:00","guid":{"rendered":"https:\/\/grundlinien.de\/?p=902043"},"modified":"2026-08-29T19:35:00","modified_gmt":"2026-08-29T17:35:00","slug":"359","status":"publish","type":"post","link":"https:\/\/grundlinien.de\/es\/359\/","title":{"rendered":"359"},"content":{"rendered":"\n<p class=\"wp-block-paragraph\">La interioridad del principio, en cuanto reconciliaci\u00f3n y disoluci\u00f3n todav\u00eda abstracta de toda oposici\u00f3n, existente en el sentimiento como fe, amor y esperanza, despliega su contenido para elevarlo a realidad y racionalidad autoconsciente, hacia un reino <em>mundano<\/em> que parte del \u00e1nimo, de la fidelidad y de la comunidad de los libres, el cual, en esta su subjetividad, es igualmente un reino del arbitrio tosco que es para s\u00ed y de la barbarie de las costumbres \u2014 frente a un mundo del m\u00e1s all\u00e1, un reino <em>intelectual<\/em>, cuyo contenido es ciertamente aquella verdad de su esp\u00edritu, pero envuelto todav\u00eda, sin ser <em>pensado<\/em>, en la barbarie de la representaci\u00f3n, y, como poder espiritual sobre el \u00e1nimo efectivo, se comporta frente a este como un poder no libre y terrible.<\/p>\n","protected":false},"excerpt":{"rendered":"<p>La interioridad del principio, en cuanto reconciliaci\u00f3n y disoluci\u00f3n todav\u00eda abstracta de toda oposici\u00f3n, existente en el sentimiento como fe, amor y esperanza, despliega su contenido para elevarlo a realidad y racionalidad autoconsciente, hacia un reino mundano que parte del \u00e1nimo, de la fidelidad y de la comunidad de los libres, el cual, en esta [&hellip;]<\/p>\n","protected":false},"author":1,"featured_media":0,"comment_status":"open","ping_status":"","sticky":false,"template":"","format":"standard","meta":{"footnotes":""},"categories":[],"tags":[51],"class_list":["post-902043","post","type-post","status-publish","format-standard","hentry","tag-realizacion"],"_links":{"self":[{"href":"https:\/\/grundlinien.de\/es\/wp-json\/wp\/v2\/posts\/902043","targetHints":{"allow":["GET"]}}],"collection":[{"href":"https:\/\/grundlinien.de\/es\/wp-json\/wp\/v2\/posts"}],"about":[{"href":"https:\/\/grundlinien.de\/es\/wp-json\/wp\/v2\/types\/post"}],"author":[{"embeddable":true,"href":"https:\/\/grundlinien.de\/es\/wp-json\/wp\/v2\/users\/1"}],"replies":[{"embeddable":true,"href":"https:\/\/grundlinien.de\/es\/wp-json\/wp\/v2\/comments?post=902043"}],"version-history":[{"count":1,"href":"https:\/\/grundlinien.de\/es\/wp-json\/wp\/v2\/posts\/902043\/revisions"}],"predecessor-version":[{"id":902044,"href":"https:\/\/grundlinien.de\/es\/wp-json\/wp\/v2\/posts\/902043\/revisions\/902044"}],"wp:attachment":[{"href":"https:\/\/grundlinien.de\/es\/wp-json\/wp\/v2\/media?parent=902043"}],"wp:term":[{"taxonomy":"category","embeddable":true,"href":"https:\/\/grundlinien.de\/es\/wp-json\/wp\/v2\/categories?post=902043"},{"taxonomy":"post_tag","embeddable":true,"href":"https:\/\/grundlinien.de\/es\/wp-json\/wp\/v2\/tags?post=902043"}],"curies":[{"name":"wp","href":"https:\/\/api.w.org\/{rel}","templated":true}]}}